{"id":7566,"date":"2023-07-22T11:47:01","date_gmt":"2023-07-22T18:47:01","guid":{"rendered":"http:\/\/crucialnuevaepoca.com\/web\/?p=7566"},"modified":"2023-07-22T11:47:02","modified_gmt":"2023-07-22T18:47:02","slug":"nosotros-no-mentimos-todo-lo-presentamos-con-pruebas-la-difamacion-y-persecucion-politica-tambien-es-delito-y-nosotros-tambien-podemos-denunciarlos-cuen-ojeda","status":"publish","type":"post","link":"https:\/\/crucialnuevaepoca.com\/web\/2023\/07\/22\/nosotros-no-mentimos-todo-lo-presentamos-con-pruebas-la-difamacion-y-persecucion-politica-tambien-es-delito-y-nosotros-tambien-podemos-denunciarlos-cuen-ojeda\/","title":{"rendered":"NOSOTROS NO MENTIMOS TODO LO PRESENTAMOS CON PRUEBAS, LA DIFAMACI\u00d3N Y PERSECUCI\u00d3N POL\u00cdTICA TAMBI\u00c9N ES DELITO Y NOSOTROS TAMBI\u00c9N PODEMOS DENUNCIARLOS: CU\u00c9N OJEDA"},"content":{"rendered":"\n<p>Culiac\u00e1n, Sinaloa.- Con circo, maroma y teatro est\u00e1n tratando todo el proceso en contra de la Universidad Aut\u00f3noma de Sinaloa, as\u00ed lo dijo el Presidente del Partido Sinaloense, MC. H\u00e9ctor Melesio Cu\u00e9n Ojeda, quien lament\u00f3 que los medios de comunicaci\u00f3n sigan manejando de manera tan medi\u00e1tica las acusaciones en contra de su hijo H\u00e9ctor Cu\u00e9n D\u00edaz y del propio Ex Rector de la UAS, Dr. Juan Eulogio Guerra Liera.<\/p>\n\n\n\n<p>Esto, despu\u00e9s de que la audiencia se pospusiera debido que hasta el momento la Fiscal\u00eda General del Estado, a\u00fan no tiene preparadas las carpetas de investigaci\u00f3n.<\/p>\n\n\n\n<p>El tambi\u00e9n Ex Rector de la Universidad Aut\u00f3noma de Sinaloa, Cu\u00e9n Ojeda, se\u00f1al\u00f3 la sa\u00f1a con la que algunos medios de comunicaci\u00f3n se refieren a \u00e9l y su familia, se\u00f1alando en este caso a una reportera del peri\u00f3dico el Noroeste, quien se refiri\u00f3 de manera despectiva hacia su persona y, \u201cLuego, luego me pregunt\u00f3, y se me fue a la yugular\u2026 No, yo solo vengo a solidarizarme con mi familia\u201d, dijo el l\u00edder Pasista.<\/p>\n\n\n\n<p>Asegur\u00f3 que al acercarse a \u00e9l, solo buscan amarrar navajas, con la finalidad de crear un conflicto, del mismo modo se acercan al gobernador, Rub\u00e9n Rocha Moya, buscando sacar provecho a cualquier comentario y de este modo poder cobrar m\u00e1s.<\/p>\n\n\n\n<p>\u201dDonde pr\u00e1cticamente hubo una situaci\u00f3n donde no hab\u00eda ni siquiera las carpetas de investigaci\u00f3n y yo lo he dicho, que todo lo que se ha dado es un juicio medi\u00e1tico es una infamia, lo que ha hecho el peri\u00f3dico el Noroeste\u201d, coment\u00f3 Cu\u00e9n Ojeda.<\/p>\n\n\n\n<p>As\u00ed mismo se\u00f1al\u00f3, otro de los medios que no se ha medido en lanzar acusaciones sin la menor prueba, es el dirigido por Luis Alberto D\u00edaz -Los Noticieristas-, siendo que tiempo atr\u00e1s ellos eran los mismos que se acercaban a pedir apoyos, y ahora hasta guardias de seguridad traen y viven en grandes fraccionamientos, por lo que duda ampliamente puedan pasar una investigaci\u00f3n por enriquecimiento il\u00edcito, aunque lament\u00f3, que aqu\u00ed en Sinaloa todo puede pasar.<\/p>\n\n\n\n<p>\u201cLo que sacan Los Noticieristas, Luis Alberto, \u00a1No seas Canalla!, mide tus palabras, te lo digo desde aqu\u00ed, como padre de familia, eso no se vale, yo te puedo acusar a ti por enriquecimiento inexplicable, yo recuerdo que no ten\u00edas ni un peso, y hoy traes guaruras; viven en fraccionamientos grandes y modernos y yo no creo que aguantes una investigaci\u00f3n por enriquecimiento il\u00edcito\u201d, explic\u00f3.<\/p>\n\n\n\n<p>Es por ello que el Presidente del PAS, Cu\u00e9n Ojeda, exhort\u00f3 a las autoridades y a los propios medios de comunicaci\u00f3n a que no sigan difamando a su familia, quienes han crecido con valores de respeto, dignidad y prueba de ello fue que, todos estaban presentes en la audiencia, como la familia unida que siempre han sido.<\/p>\n","protected":false},"excerpt":{"rendered":"<p>Culiac\u00e1n, Sinaloa.- Con circo, maroma y teatro est\u00e1n tratando todo el proceso en contra de la Universidad Aut\u00f3noma de Sinaloa, as\u00ed lo dijo el Presidente del Partido Sinaloense, MC. H\u00e9ctor Melesio Cu\u00e9n Ojeda, quien lament\u00f3 que los medios de comunicaci\u00f3n sigan manejando de manera tan medi\u00e1tica las acusaciones en contra de su hijo H\u00e9ctor Cu\u00e9n [&hellip;]<\/p>\n","protected":false},"author":2,"featured_media":7567,"comment_status":"open","ping_status":"open","sticky":false,"template":"","format":"standard","meta":{"footnotes":""},"categories":[102,93],"tags":[2037,263,372,379,124,38,13,546],"class_list":["post-7566","post","type-post","status-publish","format-standard","has-post-thumbnail","hentry","category-asociaciones","category-principales","tag-defensa-de-la-autonomia-universitaria","tag-hector-melesio-cuen-ojeda","tag-partido-sinaloense","tag-pas","tag-rector-maduena","tag-rocha-moya","tag-uas","tag-universidad-autonoma-de-sinaloa"],"aioseo_notices":[],"_links":{"self":[{"href":"https:\/\/crucialnuevaepoca.com\/web\/wp-json\/wp\/v2\/posts\/7566","targetHints":{"allow":["GET"]}}],"collection":[{"href":"https:\/\/crucialnuevaepoca.com\/web\/wp-json\/wp\/v2\/posts"}],"about":[{"href":"https:\/\/crucialnuevaepoca.com\/web\/wp-json\/wp\/v2\/types\/post"}],"author":[{"embeddable":true,"href":"https:\/\/crucialnuevaepoca.com\/web\/wp-json\/wp\/v2\/users\/2"}],"replies":[{"embeddable":true,"href":"https:\/\/crucialnuevaepoca.com\/web\/wp-json\/wp\/v2\/comments?post=7566"}],"version-history":[{"count":1,"href":"https:\/\/crucialnuevaepoca.com\/web\/wp-json\/wp\/v2\/posts\/7566\/revisions"}],"predecessor-version":[{"id":7568,"href":"https:\/\/crucialnuevaepoca.com\/web\/wp-json\/wp\/v2\/posts\/7566\/revisions\/7568"}],"wp:featuredmedia":[{"embeddable":true,"href":"https:\/\/crucialnuevaepoca.com\/web\/wp-json\/wp\/v2\/media\/7567"}],"wp:attachment":[{"href":"https:\/\/crucialnuevaepoca.com\/web\/wp-json\/wp\/v2\/media?parent=7566"}],"wp:term":[{"taxonomy":"category","embeddable":true,"href":"https:\/\/crucialnuevaepoca.com\/web\/wp-json\/wp\/v2\/categories?post=7566"},{"taxonomy":"post_tag","embeddable":true,"href":"https:\/\/crucialnuevaepoca.com\/web\/wp-json\/wp\/v2\/tags?post=7566"}],"curies":[{"name":"wp","href":"https:\/\/api.w.org\/{rel}","templated":true}]}}