{"id":7576,"date":"2023-07-24T11:11:05","date_gmt":"2023-07-24T18:11:05","guid":{"rendered":"http:\/\/crucialnuevaepoca.com\/web\/?p=7576"},"modified":"2023-07-24T11:11:06","modified_gmt":"2023-07-24T18:11:06","slug":"el-mapa-de-la-inseguridad-urbana","status":"publish","type":"post","link":"https:\/\/crucialnuevaepoca.com\/web\/2023\/07\/24\/el-mapa-de-la-inseguridad-urbana\/","title":{"rendered":"EL MAPA DE LA INSEGURIDAD URBANA"},"content":{"rendered":"\n<p>Econom\u00eda e inseguridad es el eterno binomio que domina la discusi\u00f3n y el debate pol\u00edtico en cada proceso electoral. Dependiendo de la coyuntura, siempre alguno de los dos temas es la prioridad ret\u00f3rica del momento. En un Estado moderno, la seguridad p\u00fablica no deber\u00eda ser una aspiraci\u00f3n sino la normalidad en que se desarrollan las actividades cotidianas de los ciudadanos.<\/p>\n\n\n\n<p>De hecho la existencia del Estado tiene su ra\u00edz y explicaci\u00f3n en la necesidad de contar con una entidad superior (el Leviat\u00e1n de Thomas Hobbes) que vele por la tranquilidad de la vida en com\u00fan. Los ciudadanos delegan y conf\u00edan en el Estado la protecci\u00f3n del r\u00e9gimen de libertades, como corresponde a una sociedad civilizada donde sus habitantes \u201chan superado el estado de naturaleza donde el hombre es el lobo del hombre\u201d.<\/p>\n\n\n\n<p>En nuestro pa\u00eds, una forma de medir la percepci\u00f3n de seguridad prove\u00edda por el Estado se realiza a trav\u00e9s de la Encuesta Nacional de Seguridad P\u00fablica Urbana (ENSU) levantada trimestralmente por el Instituto Nacional de Estad\u00edstica y Geograf\u00eda (INEGI), cuya publicaci\u00f3n m\u00e1s reciente corresponde al segundo trimestre del presente a\u00f1o, con resultados verdaderamente preocupantes.<\/p>\n\n\n\n<p>Un aspecto muy \u00fatil de esta Encuesta es que aparte de los \u00edndices nacionales nos presenta el comportamiento espec\u00edfico de las 75 principales ciudades del pa\u00eds, permiti\u00e9ndonos hacer comparativos regionales y tambi\u00e9n evaluar la eficacia en la aplicaci\u00f3n de pol\u00edticas de seguridad p\u00fablica en el \u00e1mbito municipal.<\/p>\n\n\n\n<p>Entre sus principales resultados, est\u00e1n los siguientes:<\/p>\n\n\n\n<p>A nivel nacional, en junio de 2023, 62.3 % de la poblacio\u0301n de 18 an\u0303os y ma\u0301s considero\u0301 inseguro vivir en su ciudad.<\/p>\n\n\n\n<p>Durante junio de 2023, 68.6 % de las mujeres y 54.8 % de los hombres consideraron inseguro vivir en su ciudad.<\/p>\n\n\n\n<p>Las ciudades con mayor porcentaje de poblacio\u0301n de 18 an\u0303os y ma\u0301s que se siente insegura fueron: Fresnillo (92.8 %), Zacatecas (91.7 %), Ciudad Obrego\u0301n (90.3 %), Ecatepec de Morelos (87.6 %), Irapuato (87.3 %) y Naucalpan de Jua\u0301rez (87.2 %).<\/p>\n\n\n\n<p>En contraste, las ciudades donde la percepcio\u0301n de inseguridad resulto\u0301 menor fueron: San Pedro Garza Garci\u0301a (13.2 %), Benito Jua\u0301rez (19.8 %), Piedras Negras (20.0 %), Cuajimalpa de Morelos (20.4 %), Saltillo (22.2 %) y Tampico (23.0 %).<\/p>\n\n\n\n<p>En el caso de Sinaloa, el estudio s\u00f3lo contempla a las tres ciudades m\u00e1s pobladas del estado: Culiac\u00e1n, Mazatl\u00e1n y Los Mochis. En la capital del estado, la percepci\u00f3n de inseguridad baj\u00f3 de 51.3 en el primer trimestre del a\u00f1o, a 46.7 en junio pasado. En Mazatl\u00e1n subi\u00f3 marginalmente al pasar de 39.7 a 42.5 en los referidos trimestres. Y en Los Mochis se increment\u00f3 en tres puntos porcentuales la percepci\u00f3n de inseguridad, al pasar de 24.9% en marzo a 27.9 en el reciente mes de junio.<\/p>\n\n\n\n<p>En cuanto a la percepcio\u0301n de inseguridad en espacios fi\u0301sicos especi\u0301ficos, en junio de 2023, 73.0 % de la poblacio\u0301n manifesto\u0301 sentirse insegura en los \u201ccajeros automa\u0301ticos localizados en la vi\u0301a pu\u0301blica\u201d; 65.5 %, en el \u201ctransporte pu\u0301blico\u201d; 57.3 %, en el banco y 54.4 %, en las \u201ccalles que habitualmente usa.\u201d<\/p>\n\n\n\n<p>Entre los resultados de la ENSU, destaca que los porcentajes de la poblacio\u0301n de 18 an\u0303os y ma\u0301s que identificaron a las diversas autoridades de seguridad pu\u0301blica y que percibieron su desempen\u0303o como \u201cmuy o algo efectivo en sus labores para prevenir y combatir la delincuencia\u201d fueron: Marina (84.8 %), Eje\u0301rcito (82.1 %), Guardia Nacional (73.0 %), polici\u0301a estatal (51.7 %) y polici\u0301a preventiva municipal (45.2 %).<\/p>\n\n\n\n<p>En junio de 2023, a nivel nacional, 31.9 % de la poblacio\u0301n de 18 an\u0303os y ma\u0301s considero\u0301 el gobierno de su ciudad como \u201cmuy o algo efectivo\u201d para resolver los problemas ma\u0301s importantes. Las ciudades donde ma\u0301s se lo percibio\u0301 asi\u0301 fueron: Nuevo Laredo (65.1 %), Apodaca (58.8 %) e Iztapalapa (52.8 %). Las ciudades donde menos: Naucalpan de Jua\u0301rez (10.3 %), Jua\u0301rez (13.6 %) y Ecatepec de Morelos (15.0 %).<\/p>\n\n\n\n<p>Al margen de cualquier perspectiva, es preocupante que a nivel nacional el 62.3 % de la poblacio\u0301n de 18 an\u0303os y ma\u0301s, residente en las 75 ciudades analizadas, sienta que es inseguro vivir en su localidad. Mientras que en pa\u00edses como Espa\u00f1a -que acaba de celebrar elecciones generales- la inseguridad no es un asunto relevante del debate p\u00fablico, para nosotros debe ser de m\u00e1xima prioridad encontrar una soluci\u00f3n r\u00e1pido pues el Estado pierde su raz\u00f3n de ser si no cumple con la principal funci\u00f3n p\u00fablica que hist\u00f3ricamente le da origen.<\/p>\n\n\n\n<p>Excelente inicio de semana.<\/p>\n","protected":false},"excerpt":{"rendered":"<p>Econom\u00eda e inseguridad es el eterno binomio que domina la discusi\u00f3n y el debate pol\u00edtico en cada proceso electoral. Dependiendo de la coyuntura, siempre alguno de los dos temas es la prioridad ret\u00f3rica del momento. En un Estado moderno, la seguridad p\u00fablica no deber\u00eda ser una aspiraci\u00f3n sino la normalidad en que se desarrollan las [&hellip;]<\/p>\n","protected":false},"author":2,"featured_media":1129,"comment_status":"open","ping_status":"open","sticky":false,"template":"","format":"standard","meta":{"footnotes":""},"categories":[97,223,93],"tags":[226,263,264],"class_list":["post-7576","post","type-post","status-publish","format-standard","has-post-thumbnail","hentry","category-columnas","category-melesio-cuen-ojeda","category-principales","tag-columna","tag-hector-melesio-cuen-ojeda","tag-microscopio-social"],"aioseo_notices":[],"_links":{"self":[{"href":"https:\/\/crucialnuevaepoca.com\/web\/wp-json\/wp\/v2\/posts\/7576","targetHints":{"allow":["GET"]}}],"collection":[{"href":"https:\/\/crucialnuevaepoca.com\/web\/wp-json\/wp\/v2\/posts"}],"about":[{"href":"https:\/\/crucialnuevaepoca.com\/web\/wp-json\/wp\/v2\/types\/post"}],"author":[{"embeddable":true,"href":"https:\/\/crucialnuevaepoca.com\/web\/wp-json\/wp\/v2\/users\/2"}],"replies":[{"embeddable":true,"href":"https:\/\/crucialnuevaepoca.com\/web\/wp-json\/wp\/v2\/comments?post=7576"}],"version-history":[{"count":1,"href":"https:\/\/crucialnuevaepoca.com\/web\/wp-json\/wp\/v2\/posts\/7576\/revisions"}],"predecessor-version":[{"id":7577,"href":"https:\/\/crucialnuevaepoca.com\/web\/wp-json\/wp\/v2\/posts\/7576\/revisions\/7577"}],"wp:featuredmedia":[{"embeddable":true,"href":"https:\/\/crucialnuevaepoca.com\/web\/wp-json\/wp\/v2\/media\/1129"}],"wp:attachment":[{"href":"https:\/\/crucialnuevaepoca.com\/web\/wp-json\/wp\/v2\/media?parent=7576"}],"wp:term":[{"taxonomy":"category","embeddable":true,"href":"https:\/\/crucialnuevaepoca.com\/web\/wp-json\/wp\/v2\/categories?post=7576"},{"taxonomy":"post_tag","embeddable":true,"href":"https:\/\/crucialnuevaepoca.com\/web\/wp-json\/wp\/v2\/tags?post=7576"}],"curies":[{"name":"wp","href":"https:\/\/api.w.org\/{rel}","templated":true}]}}