{"id":7589,"date":"2023-07-26T14:00:24","date_gmt":"2023-07-26T21:00:24","guid":{"rendered":"http:\/\/crucialnuevaepoca.com\/web\/?p=7589"},"modified":"2023-07-26T14:00:25","modified_gmt":"2023-07-26T21:00:25","slug":"corredor-de-la-salud-san-rafael-un-hecho-superada-traba-con-el-inah","status":"publish","type":"post","link":"https:\/\/crucialnuevaepoca.com\/web\/2023\/07\/26\/corredor-de-la-salud-san-rafael-un-hecho-superada-traba-con-el-inah\/","title":{"rendered":"CORREDOR DE LA SALUD SAN RAFAEL, UN HECHO; SUPERADA TRABA CON EL INAH"},"content":{"rendered":"\n<p>Despu\u00e9s de casi un a\u00f1o de cerraz\u00f3n del Instituto Nacional de Antropolog\u00eda e Historia (INAH), que negaba autorizar la construcci\u00f3n de una torre m\u00e9dica por colindar con un \u201cedificio hist\u00f3rico\u201d, finalmente se autoriz\u00f3 y esta torre constar\u00e1 de cinco pisos, que junto con otra torre ya en construcci\u00f3n permitir\u00e1 tener 70 consultorios y consolidar con ello el proyecto del Corredor de la Salud San Rafael.<\/p>\n\n\n\n<p>Lo anterior lo dio a conocer el presidente del Patronato de Revitalizaci\u00f3n de los Centros Hist\u00f3ricos, Jos\u00e9 Valenzuela Garc\u00eda, quien adelant\u00f3 una tercera inversi\u00f3n para elevar la capacidad de cajones de estacionamiento y con ello atender la demanda que generar\u00e1n las torres, una de las cuales estar\u00e1 operando el pr\u00f3ximo a\u00f1o y la otra en m\u00e1s de un a\u00f1o.<\/p>\n\n\n\n<p>En la conferencia quincenal del Colectivo de Organizaciones y Empresarios (CORE33), del que forma parte el Patronato de Revitalizaci\u00f3n de los Centros Hist\u00f3ricos, Jos\u00e9 Valenzuela agradeci\u00f3 el respaldo de quienes forman parte de este colectivo, y asegur\u00f3 que una lecci\u00f3n que deja este episodio es que la participaci\u00f3n ciudadana es sumamente importante para avanzar en el desarrollo de Sinaloa.<\/p>\n\n\n\n<p>Asimismo, agradeci\u00f3 a los medios de comunicaci\u00f3n la difusi\u00f3n que dieron al problema burocr\u00e1tico que se enfrent\u00f3 con el INAH, pues socializaron de tal manera que el problema se vio en su real dimensi\u00f3n de ser un problema simplemente burocr\u00e1tico que obstaculizaba la llegada de inversiones, la generaci\u00f3n de empleos y el dinamismo del sector oriente del Centro Hist\u00f3rico de Culiac\u00e1n.<\/p>\n\n\n\n<p>Jos\u00e9 Valenzuela expuso que estas dos torres, una de cinco pisos y otra de tres, con 50 y 20 consultores, respectivamente, han despertado mucho inter\u00e9s en la comunidad m\u00e9dica por invertir, e incluso adelant\u00f3 que 20 consultorios ya han sido contratados de manera adelantada.<\/p>\n\n\n\n<p>Agreg\u00f3 que por el inter\u00e9s que ha generado el Corredor de la Salud San Rafael, ya se tiene un proyecto de construir una cl\u00ednica m\u00e9dica de corta estancia, que estar\u00e1 especializada en cirug\u00edas ambulatorias.<\/p>\n\n\n\n<p>El presidente del Patronato de Revitalizaci\u00f3n de los Centros Hist\u00f3ricos explic\u00f3 que se decidi\u00f3 ponerle el nombre San Rafael a este corredor m\u00e9dico en honor al Arc\u00e1ngel Rafael, a qui\u00e9n la gente le pide tener buena salud.<br>Inform\u00f3 que este corredor tendr\u00e1 una imagen corporativa, e incluso resalt\u00f3 que ya se tienen los logotipos correspondientes, mismos que ser\u00e1n colocados en las cl\u00ednicas y torres que est\u00e9n operando en este corredor, ubicado por la calle Miguel Hidalgo.<\/p>\n\n\n\n<p>De igual manera inform\u00f3 que ya se tiene la marca registrada para proteger los futuros derechos.<\/p>\n","protected":false},"excerpt":{"rendered":"<p>Despu\u00e9s de casi un a\u00f1o de cerraz\u00f3n del Instituto Nacional de Antropolog\u00eda e Historia (INAH), que negaba autorizar la construcci\u00f3n de una torre m\u00e9dica por colindar con un \u201cedificio hist\u00f3rico\u201d, finalmente se autoriz\u00f3 y esta torre constar\u00e1 de cinco pisos, que junto con otra torre ya en construcci\u00f3n permitir\u00e1 tener 70 consultorios y consolidar con [&hellip;]<\/p>\n","protected":false},"author":2,"featured_media":7590,"comment_status":"open","ping_status":"open","sticky":false,"template":"","format":"standard","meta":{"footnotes":""},"categories":[103,93],"tags":[1745,2113,115,1784,1785,2114],"class_list":["post-7589","post","type-post","status-publish","format-standard","has-post-thumbnail","hentry","category-camaras-y-colegios","category-principales","tag-core33","tag-corredor-de-la-salud-san-rafael","tag-culiacan-2","tag-inah","tag-jose-valenzuela","tag-patronato-de-revitalizacion-de-los-centros-historicos"],"aioseo_notices":[],"_links":{"self":[{"href":"https:\/\/crucialnuevaepoca.com\/web\/wp-json\/wp\/v2\/posts\/7589","targetHints":{"allow":["GET"]}}],"collection":[{"href":"https:\/\/crucialnuevaepoca.com\/web\/wp-json\/wp\/v2\/posts"}],"about":[{"href":"https:\/\/crucialnuevaepoca.com\/web\/wp-json\/wp\/v2\/types\/post"}],"author":[{"embeddable":true,"href":"https:\/\/crucialnuevaepoca.com\/web\/wp-json\/wp\/v2\/users\/2"}],"replies":[{"embeddable":true,"href":"https:\/\/crucialnuevaepoca.com\/web\/wp-json\/wp\/v2\/comments?post=7589"}],"version-history":[{"count":1,"href":"https:\/\/crucialnuevaepoca.com\/web\/wp-json\/wp\/v2\/posts\/7589\/revisions"}],"predecessor-version":[{"id":7591,"href":"https:\/\/crucialnuevaepoca.com\/web\/wp-json\/wp\/v2\/posts\/7589\/revisions\/7591"}],"wp:featuredmedia":[{"embeddable":true,"href":"https:\/\/crucialnuevaepoca.com\/web\/wp-json\/wp\/v2\/media\/7590"}],"wp:attachment":[{"href":"https:\/\/crucialnuevaepoca.com\/web\/wp-json\/wp\/v2\/media?parent=7589"}],"wp:term":[{"taxonomy":"category","embeddable":true,"href":"https:\/\/crucialnuevaepoca.com\/web\/wp-json\/wp\/v2\/categories?post=7589"},{"taxonomy":"post_tag","embeddable":true,"href":"https:\/\/crucialnuevaepoca.com\/web\/wp-json\/wp\/v2\/tags?post=7589"}],"curies":[{"name":"wp","href":"https:\/\/api.w.org\/{rel}","templated":true}]}}