{"id":8546,"date":"2023-11-14T16:41:27","date_gmt":"2023-11-14T23:41:27","guid":{"rendered":"https:\/\/crucialnuevaepoca.com\/web\/?p=8546"},"modified":"2023-11-14T16:41:28","modified_gmt":"2023-11-14T23:41:28","slug":"la-bertiniza-de-culiacan-disfruta-su-exito-me-estoy-quemando-por-tomar","status":"publish","type":"post","link":"https:\/\/crucialnuevaepoca.com\/web\/2023\/11\/14\/la-bertiniza-de-culiacan-disfruta-su-exito-me-estoy-quemando-por-tomar\/","title":{"rendered":"La Bertiniza de Culiac\u00e1n disfruta su \u00e9xito &#8216;Me Estoy Quemando Por Tomar&#8217;"},"content":{"rendered":"\n<p>A solo un a\u00f1o de haber debutado como La Bertiniza de Culiac\u00e1n, Ram\u00f3n, C\u00e9sar y Mauricio se han convertido en los m\u00e1s solicitados con su estilo campirano, no solo en Sinaloa, sino en otras ciudades de M\u00e9xico.<\/p>\n\n\n\n<p>Lo que inici\u00f3 como \u201ccotorreo\u201d en reuniones con amigos para tocar \u00e9xitos de Bert\u00edn y Lalo, posteriormente los llev\u00f3 a dejar atr\u00e1s las agrupaciones a las que pertenec\u00edan para formalizar y lanzar su primer disco titulado \u201cMe Estoy Quemando por Tomar\u201d, nombre de su actual corte.<\/p>\n\n\n\n<p>Ram\u00f3n Alberto Carrillo Quintero (primera voz y bajo el\u00e9ctrico), C\u00e9sar F\u00e9lix Bueno (segunda voz y requinto) y Mauricio Castro Vega (armon\u00edas) reunieron 14 temas en este \u00e1lbum, entre in\u00e9ditos y c\u00f3vers.<\/p>\n\n\n\n<p>\u00abEste es nuestro primer material y est\u00e1 en todas la plataformas digitales disponible, y aunque ha tenido muy buena aceptaci\u00f3n, ya estamos por lanzar nuestro siguiente disco, esperamos qe tambi\u00e9n guste a nuestro p\u00fablico\u00bb, destac\u00f3 C\u00e9sar F\u00e9lix.<\/p>\n\n\n\n<p>\u201cMe estoy quemando por tomar es una tema de nuestra autor\u00eda, que la verdad a gustado demasiado y estamos muy agradecidos..\u201d.<\/p>\n\n\n\n<p>La Bertiniza de Culiac\u00e1n tambi\u00e9n se ha presentado con \u00e9xito en los bares de Culiac\u00e1n, donde el p\u00fablico ha abarrotado, dejando muy complacido.<\/p>\n\n\n\n<p>A ciudades como Durango, Chihuahua, Sonora y otras de la Rep\u00fablica Mexicana han llevado con \u00e9xito su estilo, sin descartar que pr\u00f3ximamente lo puedan llevar a los Estados Unidos, donde gracias a sus redes sociales tambi\u00e9n los aprecian.<\/p>\n\n\n\n<p>El pasado viernes se presentaron con \u00e9xito, en Expo Canaco, en Guam\u00fachil, donde compartieron escenario con Los Alegres del Barranco.<\/p>\n\n\n\n<p>S\u00edguelos en Instagram, facebook y YouTube c\u00f3mo&nbsp; @labertinizadeculiacanoficial.<\/p>\n\n\n\n<p>PR\u00d3XIMA PRESENTACI\u00d3N&nbsp;<br>-Nov 17 en Bar Manhattan de Los Mochis.<\/p>\n","protected":false},"excerpt":{"rendered":"<p>A solo un a\u00f1o de haber debutado como La Bertiniza de Culiac\u00e1n, Ram\u00f3n, C\u00e9sar y Mauricio se han convertido en los m\u00e1s solicitados con su estilo campirano, no solo en Sinaloa, sino en otras ciudades de M\u00e9xico. Lo que inici\u00f3 como \u201ccotorreo\u201d en reuniones con amigos para tocar \u00e9xitos de Bert\u00edn y Lalo, posteriormente los [&hellip;]<\/p>\n","protected":false},"author":2,"featured_media":8542,"comment_status":"open","ping_status":"open","sticky":false,"template":"","format":"standard","meta":{"footnotes":""},"categories":[184,93],"tags":[473,2355,2356],"class_list":["post-8546","post","type-post","status-publish","format-standard","has-post-thumbnail","hentry","category-espectaculos","category-principales","tag-espectaculos","tag-la-bertiniza-de-culiacan","tag-musica"],"aioseo_notices":[],"_links":{"self":[{"href":"https:\/\/crucialnuevaepoca.com\/web\/wp-json\/wp\/v2\/posts\/8546","targetHints":{"allow":["GET"]}}],"collection":[{"href":"https:\/\/crucialnuevaepoca.com\/web\/wp-json\/wp\/v2\/posts"}],"about":[{"href":"https:\/\/crucialnuevaepoca.com\/web\/wp-json\/wp\/v2\/types\/post"}],"author":[{"embeddable":true,"href":"https:\/\/crucialnuevaepoca.com\/web\/wp-json\/wp\/v2\/users\/2"}],"replies":[{"embeddable":true,"href":"https:\/\/crucialnuevaepoca.com\/web\/wp-json\/wp\/v2\/comments?post=8546"}],"version-history":[{"count":1,"href":"https:\/\/crucialnuevaepoca.com\/web\/wp-json\/wp\/v2\/posts\/8546\/revisions"}],"predecessor-version":[{"id":8547,"href":"https:\/\/crucialnuevaepoca.com\/web\/wp-json\/wp\/v2\/posts\/8546\/revisions\/8547"}],"wp:featuredmedia":[{"embeddable":true,"href":"https:\/\/crucialnuevaepoca.com\/web\/wp-json\/wp\/v2\/media\/8542"}],"wp:attachment":[{"href":"https:\/\/crucialnuevaepoca.com\/web\/wp-json\/wp\/v2\/media?parent=8546"}],"wp:term":[{"taxonomy":"category","embeddable":true,"href":"https:\/\/crucialnuevaepoca.com\/web\/wp-json\/wp\/v2\/categories?post=8546"},{"taxonomy":"post_tag","embeddable":true,"href":"https:\/\/crucialnuevaepoca.com\/web\/wp-json\/wp\/v2\/tags?post=8546"}],"curies":[{"name":"wp","href":"https:\/\/api.w.org\/{rel}","templated":true}]}}