{"id":8579,"date":"2023-11-23T15:04:46","date_gmt":"2023-11-23T22:04:46","guid":{"rendered":"https:\/\/crucialnuevaepoca.com\/web\/?p=8579"},"modified":"2023-11-23T15:04:47","modified_gmt":"2023-11-23T22:04:47","slug":"entregan-el-galardon-al-industrial-del-ano-canacintra-2023","status":"publish","type":"post","link":"https:\/\/crucialnuevaepoca.com\/web\/2023\/11\/23\/entregan-el-galardon-al-industrial-del-ano-canacintra-2023\/","title":{"rendered":"Entregan el Galard\u00f3n al Industrial del A\u00f1o CANACINTRA 2023"},"content":{"rendered":"\n<p>Se realiz\u00f3 con gran \u00e9xito la entrega de los galardones a los industriales del a\u00f1o por parte de CANACINTRA Culiac\u00e1n en el marco de su 79 aniversario.<\/p>\n\n\n\n<p>En el evento realizado en el \u00c9fora Center de esta capital, se hizo el reconocimiento como Industrial del A\u00f1o a Luis Arturo Gaxiola de Plaga Servicios Especializados; a Laura Medina de Mi Vestido Blanco como Mujer Industrial del A\u00f1o; a Josefina Flores de Jofire como Joven Industrial del A\u00f1o; al Chef Nacho Reyes de Nixsi\u00b4s Bakery Roll como Franquicia del A\u00f1o; a Giselle Armenta como Emprendedora del A\u00f1o por su empresa Yameto; en la Trayectoria Empresarial se reconoci\u00f3 a Industrias Chilimoy de Sergio Castillo y a Productos Avil\u00e9s de Javier Avil\u00e9s.<\/p>\n\n\n\n<figure class=\"wp-block-image size-full\"><img fetchpriority=\"high\" decoding=\"async\" width=\"850\" height=\"568\" src=\"http:\/\/crucialnuevaepoca.com\/web\/wp-content\/uploads\/2023\/11\/DSC0137.jpg\" alt=\"\" class=\"wp-image-8583\" srcset=\"https:\/\/crucialnuevaepoca.com\/web\/wp-content\/uploads\/2023\/11\/DSC0137.jpg 850w, https:\/\/crucialnuevaepoca.com\/web\/wp-content\/uploads\/2023\/11\/DSC0137-300x200.jpg 300w, https:\/\/crucialnuevaepoca.com\/web\/wp-content\/uploads\/2023\/11\/DSC0137-768x513.jpg 768w\" sizes=\"(max-width: 850px) 100vw, 850px\" \/><\/figure>\n\n\n\n<p>El presidente de CANACINTRA Culiac\u00e1n, Sr. Sergio \u00c1lvarez Torres, destac\u00f3 en su mensaje a los asistentes que este era el evento m\u00e1s importante que tienen los afiliados a CANACINTRA Culiac\u00e1n, ya que se reconoce a quienes gracias a su dedicaci\u00f3n y compromiso se hacen acreedores de este importante galard\u00f3n.<\/p>\n\n\n\n<p>\u00abA los galardonados de esta noche, mi reconocimiento por su trabajo, por su labor, por su desempe\u00f1o, por su afinidad con la C\u00e1mara, enhorabuena, bien merecido, bien ganado. A todos los patrocinadores, a los afiliados aqu\u00ed presentes, les agradezco la confianza al ser part\u00edcipes de este evento, el cual lo realizamos todos.\u00bb, se\u00f1al\u00f3 el Sr. \u00c1lvarez.<\/p>\n\n\n\n<figure class=\"wp-block-image size-full\"><img decoding=\"async\" width=\"850\" height=\"541\" src=\"http:\/\/crucialnuevaepoca.com\/web\/wp-content\/uploads\/2023\/11\/DSC0104.jpg\" alt=\"\" class=\"wp-image-8582\" srcset=\"https:\/\/crucialnuevaepoca.com\/web\/wp-content\/uploads\/2023\/11\/DSC0104.jpg 850w, https:\/\/crucialnuevaepoca.com\/web\/wp-content\/uploads\/2023\/11\/DSC0104-300x191.jpg 300w, https:\/\/crucialnuevaepoca.com\/web\/wp-content\/uploads\/2023\/11\/DSC0104-768x489.jpg 768w\" sizes=\"(max-width: 850px) 100vw, 850px\" \/><\/figure>\n\n\n\n<p>Este evento cont\u00f3 con la presencia de los diputados Feliciano Castro Mel\u00e9ndrez y Serapio Vargas Ram\u00edrez; el Subsecretario de Fomento Econ\u00f3mico de Sinaloa, Ahuizotl L\u00f3pez Apodaca; Janet Faviola Tostado Noriega, Secretaria de Desarrollo Econ\u00f3mico en Culiac\u00e1n; Luis Alberto D\u00edaz, Roque Mascare\u00f1o y Diana G\u00f3mez, ejecutivos de Vibra Radio quienes ofrecieron el Panel \u00abMedios y Radiodifusi\u00f3n\u00bb; presidentes de otras c\u00e1maras empresariales de Culiac\u00e1n; adem\u00e1s de otros invitados especiales y p\u00fablico en general.<\/p>\n\n\n\n<figure class=\"wp-block-image size-full\"><img decoding=\"async\" width=\"850\" height=\"543\" src=\"http:\/\/crucialnuevaepoca.com\/web\/wp-content\/uploads\/2023\/11\/DSC0076.jpg\" alt=\"\" class=\"wp-image-8581\" srcset=\"https:\/\/crucialnuevaepoca.com\/web\/wp-content\/uploads\/2023\/11\/DSC0076.jpg 850w, https:\/\/crucialnuevaepoca.com\/web\/wp-content\/uploads\/2023\/11\/DSC0076-300x192.jpg 300w, https:\/\/crucialnuevaepoca.com\/web\/wp-content\/uploads\/2023\/11\/DSC0076-768x491.jpg 768w\" sizes=\"(max-width: 850px) 100vw, 850px\" \/><\/figure>\n","protected":false},"excerpt":{"rendered":"<p>Se realiz\u00f3 con gran \u00e9xito la entrega de los galardones a los industriales del a\u00f1o por parte de CANACINTRA Culiac\u00e1n en el marco de su 79 aniversario. En el evento realizado en el \u00c9fora Center de esta capital, se hizo el reconocimiento como Industrial del A\u00f1o a Luis Arturo Gaxiola de Plaga Servicios Especializados; a [&hellip;]<\/p>\n","protected":false},"author":2,"featured_media":8580,"comment_status":"open","ping_status":"open","sticky":false,"template":"","format":"standard","meta":{"footnotes":""},"categories":[103,93],"tags":[706,2307,2368,841],"class_list":["post-8579","post","type-post","status-publish","format-standard","has-post-thumbnail","hentry","category-camaras-y-colegios","category-principales","tag-canacintra","tag-galardon-al-industrial-del-ano","tag-luis-arturo-gaxiola","tag-sergio-alvarez"],"aioseo_notices":[],"_links":{"self":[{"href":"https:\/\/crucialnuevaepoca.com\/web\/wp-json\/wp\/v2\/posts\/8579","targetHints":{"allow":["GET"]}}],"collection":[{"href":"https:\/\/crucialnuevaepoca.com\/web\/wp-json\/wp\/v2\/posts"}],"about":[{"href":"https:\/\/crucialnuevaepoca.com\/web\/wp-json\/wp\/v2\/types\/post"}],"author":[{"embeddable":true,"href":"https:\/\/crucialnuevaepoca.com\/web\/wp-json\/wp\/v2\/users\/2"}],"replies":[{"embeddable":true,"href":"https:\/\/crucialnuevaepoca.com\/web\/wp-json\/wp\/v2\/comments?post=8579"}],"version-history":[{"count":1,"href":"https:\/\/crucialnuevaepoca.com\/web\/wp-json\/wp\/v2\/posts\/8579\/revisions"}],"predecessor-version":[{"id":8584,"href":"https:\/\/crucialnuevaepoca.com\/web\/wp-json\/wp\/v2\/posts\/8579\/revisions\/8584"}],"wp:featuredmedia":[{"embeddable":true,"href":"https:\/\/crucialnuevaepoca.com\/web\/wp-json\/wp\/v2\/media\/8580"}],"wp:attachment":[{"href":"https:\/\/crucialnuevaepoca.com\/web\/wp-json\/wp\/v2\/media?parent=8579"}],"wp:term":[{"taxonomy":"category","embeddable":true,"href":"https:\/\/crucialnuevaepoca.com\/web\/wp-json\/wp\/v2\/categories?post=8579"},{"taxonomy":"post_tag","embeddable":true,"href":"https:\/\/crucialnuevaepoca.com\/web\/wp-json\/wp\/v2\/tags?post=8579"}],"curies":[{"name":"wp","href":"https:\/\/api.w.org\/{rel}","templated":true}]}}