{"id":8666,"date":"2024-01-05T11:56:51","date_gmt":"2024-01-05T18:56:51","guid":{"rendered":"https:\/\/crucialnuevaepoca.com\/web\/?p=8666"},"modified":"2024-01-05T11:56:51","modified_gmt":"2024-01-05T18:56:51","slug":"ministra-lenia-batres-arremete-contra-la-propia-scjn-se-ha-extralimitado","status":"publish","type":"post","link":"https:\/\/crucialnuevaepoca.com\/web\/2024\/01\/05\/ministra-lenia-batres-arremete-contra-la-propia-scjn-se-ha-extralimitado\/","title":{"rendered":"Ministra Lenia Batres arremete contra la propia SCJN: \u00abSe ha extralimitado\u00bb"},"content":{"rendered":"\n<p>Lenia Batres Guadarrama rindi\u00f3 protesta como magistrada de la Suprema Corte de Justicia de la Naci\u00f3n (SCJN) durante la sesi\u00f3n solemne de este jueves. La ministra presidenta de la SCJN, Norma Luc\u00eda Pi\u00f1a Hern\u00e1ndez le coloc\u00f3 la toga magisterial frente al pleno del Poder Judicial en medio de aplausos de los asistentes.<\/p>\n\n\n\n<p>En su discurso, la ministra Batres Guadarrama arremeti\u00f3 contra la Suprema Corte de Justicia, acusando que se han cometido excesos en los que se ha vulnerado la constituci\u00f3n asegurando que \u00e9sta se ha extralimitado y se ha enfocado en resolver casos con fuertes implicaciones pol\u00edticas.<\/p>\n\n\n\n<p>\u201cEsta Suprema Corte se ha extralimitado, el car\u00e1cter inimpugnable de sus decisiones la ha llevado a confundir jerarqu\u00eda de la constituci\u00f3n con de la instancia, la corte se ha colocado por fuera y por encima del trabajo que realiza la Auditor\u00eda Superior de la Federaci\u00f3n, impidiendo ejecutar auditor\u00edas de desempe\u00f1o\u201d, declar\u00f3.<\/p>\n\n\n\n<p>Tambi\u00e9n se\u00f1al\u00f3 que la SCJN ha asumido una funci\u00f3n de legislador positivo, al definir normas que prevalecer\u00e1n posteriormente a una declaraci\u00f3n de inconstitucionalidad invadiendo la esfera del poder legislativo, electo democr\u00e1ticamente.<\/p>\n\n\n\n<p>\u201cNo tenemos una Suprema Corte subordinada a la constituci\u00f3n, sino una constituci\u00f3n subordinada a la Suprema Corte; al grado de que se escucha entre litigantes decir \u2018\u00bfy qu\u00e9 dice la constituci\u00f3n al respecto? Lo que indique la Suprema Corte\u2019. Una cosa es que la Corte y el Consejo de la Judicatura tengan responsabilidades y otra muy distinta es que esos acuerdos tengan validez general y se conviertan en ley suprema de la uni\u00f3n\u201d, acus\u00f3.<\/p>\n\n\n\n<p>Reproch\u00f3 que el Poder Judicial se haya enfocado en resolver casos \u201ccon fuertes implicaciones pol\u00edticas\u201d en lugar de atender lo relacionado a seguridad p\u00fablica y sumarse a los esfuerzos por combatir la incidencia delictiva, generando impunidad en la persecuci\u00f3n de los delitos.<\/p>\n\n\n\n<p>\u201cEn lugar de un fuerte activismo de una Corte sensible al principal problema del pa\u00eds, tenemos una enfocada en casos con fuertes implicaciones pol\u00edticas, que incluso involucran al orden p\u00fablico y al inter\u00e9s social como la declaraci\u00f3n de invalidaci\u00f3n de leyes o normas que buscan proteger los bienes nacionales\u201d, expuso la nueva ministra.<\/p>\n\n\n\n<figure class=\"wp-block-image size-full\"><img fetchpriority=\"high\" decoding=\"async\" width=\"720\" height=\"540\" src=\"http:\/\/crucialnuevaepoca.com\/web\/wp-content\/uploads\/2024\/01\/2-2.jpg\" alt=\"\" class=\"wp-image-8668\" srcset=\"https:\/\/crucialnuevaepoca.com\/web\/wp-content\/uploads\/2024\/01\/2-2.jpg 720w, https:\/\/crucialnuevaepoca.com\/web\/wp-content\/uploads\/2024\/01\/2-2-300x225.jpg 300w\" sizes=\"(max-width: 720px) 100vw, 720px\" \/><\/figure>\n\n\n\n<p>En su intervenci\u00f3n, la hermana del Jefe de Gobierno de la Ciudad de M\u00e9xico, tambi\u00e9n mencion\u00f3 el tema del ajuste de sueldos a los ministros de la SCJN argumentando que es una legislaci\u00f3n de hace 14 a\u00f1os, por lo que no responde a una visi\u00f3n partidista y se debe acatar como lo indica la constituci\u00f3n.<\/p>\n\n\n\n<p>\u201cEl art\u00edculo 127 constitucional que fija como l\u00edmite para la remuneraci\u00f3n de las personas servidoras p\u00fablicas la establecida para el presidente de la rep\u00fablica, disposici\u00f3n que no fue impuesta, ni por el actual mandatario, ni por las mayor\u00edas parlamentarias actuales, sino que entr\u00f3 en vigor en 2010. La insistencia en este tema no responde a una pol\u00edtica o a ideales de una cierta visi\u00f3n partidista, simplemente considero que nos corresponde acatar la constituci\u00f3n\u201d, coment\u00f3.<\/p>\n\n\n\n<p>Asegur\u00f3 tambi\u00e9n que su llegada a la SCJN ha generado la percepci\u00f3n de varias reivindicaciones del Poder Judicial, desde la paridad de g\u00e9nero con la llegada de m\u00e1s mujeres al pleno, as\u00ed c\u00f3mo la apertura a personas \u201ctangibles y terrenales con problemas comunes, con visiones cr\u00edticas al poder judicial.<\/p>\n\n\n\n<p>\u201cLa llegada de visiones distintas a las predominantes del constitucionalismo mexicano, la llegada de visiones cr\u00edticas de este Poder Judicial. me han dicho Ministra del Pueblo y es un enorme halago, una misi\u00f3n grande que acepto con honor y con responsabilidad\u201d, concluy\u00f3.<\/p>\n\n\n\n<p>La ministra Lenia Batres rindi\u00f3 protesta como la quinceava mujer en la historia de la SCJN en usar la toga y la quinta mujer en el pleno actual de la corte, en compa\u00f1\u00eda de su familia: Cuauhtemoc Batres, su padre; Rosario Guadarrama, su madre, y su hermano, el Jefe de Gobierno de la Ciudad de M\u00e9xico, Mart\u00ed Batres.<\/p>\n\n\n\n<p>Adem\u00e1s de la familia de la ministra, tambi\u00e9n acudieron a la sesi\u00f3n solemne de este jueves la Secretar\u00eda de Econom\u00eda, Raquel Buenrostro S\u00e1nchez; el Secretario de Energ\u00eda, Miguel Angel Maciel; la Fiscal de Justicia de la Ciudad de M\u00e9xico, Ernestina Godoy, as\u00ed c\u00f3mo C\u00e9sar Ya\u00f1ez de Gobernaci\u00f3n y Bertha Alcalde Lujan.<\/p>\n\n\n\n<p>Lenia Batres quedar\u00e1 adscrita a la segunda sala de la SCJN, donde se ven temas administrativos, por propuesta de la ministra presidenta Norma Pi\u00f1a al finalizar la sesi\u00f3n. Tambi\u00e9n se inform\u00f3 que la pr\u00f3xima sesi\u00f3n p\u00fablica del pleno ser\u00e1 el pr\u00f3ximo lunes 8 de enero.<\/p>\n\n\n\n<p>La nueva ministra fue elegida por el presidente Andr\u00e9s Manuel L\u00f3pez Obrador, luego de tres rondas de votaci\u00f3n en la C\u00e1mara de Senadores, en la que no se logr\u00f3 la mayor\u00eda por alguna de las tres integrantes de la segunda terna enviada por el titular del ejecutivo federal para suplir al ex ministro Arturo Zald\u00edvar quien renunci\u00f3 para integrarse a la campa\u00f1a presidencial de Claudia Sheinbaum.<\/p>\n\n\n\n<p>La propuesta integraba a Lenia Batres, Bertha Mar\u00eda Alcalde y a Er\u00e9ndira Cruzvillegas; las tres propuestas est\u00e1n relacionadas con el gobierno actual; a primera es hermana de Mart\u00ed Batres, jefe de gobierno de la Ciudad de M\u00e9xico; la segunda hermana de la secretaria de Gobernaci\u00f3n, Luisa Mar\u00eda Alcalde; y la tercera estaba a cargo de la unidad de asuntos jur\u00eddicos de la Secretar\u00eda de Cultura.<\/p>\n\n\n\n<p>La nueva ministra fue militante del Partido Socialista Unificado de M\u00e9xico, luego del Partido de la Revoluci\u00f3n Democr\u00e1tica (PRD) y finalmente de Morena. Adem\u00e1s de asesorar a L\u00f3pez Obrador durante su administraci\u00f3n en la capital del pa\u00eds, tambi\u00e9n lo hizo con la ex jefa de gobierno y ahora candidata a la presidencia Claudia Sheinbaum, cuando encabezaba la Alcald\u00eda Tlalpan.<\/p>\n","protected":false},"excerpt":{"rendered":"<p>Lenia Batres Guadarrama rindi\u00f3 protesta como magistrada de la Suprema Corte de Justicia de la Naci\u00f3n (SCJN) durante la sesi\u00f3n solemne de este jueves. La ministra presidenta de la SCJN, Norma Luc\u00eda Pi\u00f1a Hern\u00e1ndez le coloc\u00f3 la toga magisterial frente al pleno del Poder Judicial en medio de aplausos de los asistentes. En su discurso, [&hellip;]<\/p>\n","protected":false},"author":2,"featured_media":8667,"comment_status":"open","ping_status":"open","sticky":false,"template":"","format":"standard","meta":{"footnotes":""},"categories":[28,93],"tags":[2383,2384,793,1530],"class_list":["post-8666","post","type-post","status-publish","format-standard","has-post-thumbnail","hentry","category-nacional","category-principales","tag-lenia-batres","tag-ministra","tag-scjn","tag-suprema-corte-de-justicia-de-la-nacion"],"aioseo_notices":[],"_links":{"self":[{"href":"https:\/\/crucialnuevaepoca.com\/web\/wp-json\/wp\/v2\/posts\/8666","targetHints":{"allow":["GET"]}}],"collection":[{"href":"https:\/\/crucialnuevaepoca.com\/web\/wp-json\/wp\/v2\/posts"}],"about":[{"href":"https:\/\/crucialnuevaepoca.com\/web\/wp-json\/wp\/v2\/types\/post"}],"author":[{"embeddable":true,"href":"https:\/\/crucialnuevaepoca.com\/web\/wp-json\/wp\/v2\/users\/2"}],"replies":[{"embeddable":true,"href":"https:\/\/crucialnuevaepoca.com\/web\/wp-json\/wp\/v2\/comments?post=8666"}],"version-history":[{"count":1,"href":"https:\/\/crucialnuevaepoca.com\/web\/wp-json\/wp\/v2\/posts\/8666\/revisions"}],"predecessor-version":[{"id":8669,"href":"https:\/\/crucialnuevaepoca.com\/web\/wp-json\/wp\/v2\/posts\/8666\/revisions\/8669"}],"wp:featuredmedia":[{"embeddable":true,"href":"https:\/\/crucialnuevaepoca.com\/web\/wp-json\/wp\/v2\/media\/8667"}],"wp:attachment":[{"href":"https:\/\/crucialnuevaepoca.com\/web\/wp-json\/wp\/v2\/media?parent=8666"}],"wp:term":[{"taxonomy":"category","embeddable":true,"href":"https:\/\/crucialnuevaepoca.com\/web\/wp-json\/wp\/v2\/categories?post=8666"},{"taxonomy":"post_tag","embeddable":true,"href":"https:\/\/crucialnuevaepoca.com\/web\/wp-json\/wp\/v2\/tags?post=8666"}],"curies":[{"name":"wp","href":"https:\/\/api.w.org\/{rel}","templated":true}]}}