{"id":8697,"date":"2024-01-08T10:12:22","date_gmt":"2024-01-08T17:12:22","guid":{"rendered":"https:\/\/crucialnuevaepoca.com\/web\/?p=8697"},"modified":"2024-01-08T10:12:23","modified_gmt":"2024-01-08T17:12:23","slug":"el-pas-autor-de-la-revocacion-de-mandato","status":"publish","type":"post","link":"https:\/\/crucialnuevaepoca.com\/web\/2024\/01\/08\/el-pas-autor-de-la-revocacion-de-mandato\/","title":{"rendered":"El PAS, autor de la revocaci\u00f3n de mandato"},"content":{"rendered":"\n<p>El Partidos Sinaloense (PAS) es el partido local con la m\u00e1s intensa producci\u00f3n legislativa en todo el pa\u00eds, y somos pioneros en algunos aspectos pol\u00edticos hist\u00f3ricos como por ejemplo, ser el primer partido que dispuso la paridad de g\u00e9nero en la postulaci\u00f3n de candidaturas en 2013. Mismo orgullo sentimos de ser los impulsores de la revocaci\u00f3n de mandato en M\u00e9xico y lo hicimos desde Sinaloa como instituto local, estrenando la figura de iniciativa ciudadana en 2014 gracias al respaldo que nos dieron 227 mil sinaloenses firmando esta visionaria propuesta del PAS.<\/p>\n\n\n\n<p>No s\u00f3lo iniciamos la lucha por incorporar esta figura jur\u00eddica en la Constituci\u00f3n en el plano federal sino que despu\u00e9s promovimos su legislaci\u00f3n en el ordenamiento jur\u00eddico sinaloense. Hace cerca de diez a\u00f1os, el 25 de septiembre del 2014, un grupo de ciudadanos liderados por el grupo parlamentario del PAS, cuyos tres diputados (Cu\u00e9n Ojeda, S\u00e1nchez Zatar\u00e1in y Liz\u00e1rraga Otero) se asumieron como representantes legales de los m\u00e1s de 200 mil firmantes.<\/p>\n\n\n\n<p>Ese d\u00eda pusimos en manos de la C\u00e1mara de Senadores del H. Congreso de la Uni\u00f3n la iniciativa de reforma constitucional en materia de segunda vuelta y revocaci\u00f3n de mandato, pero se hac\u00eda a trav\u00e9s del novedoso instrumento conocido como \u201ciniciativa ciudadana\u201d, suceso in\u00e9dito en la vida parlamentaria del pa\u00eds, al grado de que ese d\u00eda un legislador nos confesaba que efectivamente era la primera vez que se accionaba esto, y tuvieron que hacer un acuse de recibo particular y armar un acto protocolario para recibir los cartones con los 227 mil formatos de respaldo, para despu\u00e9s llevar el expediente al INE para su validaci\u00f3n, dictaminar que las firmas fueran aut\u00e9nticas y comprobar si se reun\u00edan todos los requisitos reglamentarios, todo resuelto venturosamente en sentido favorable.<\/p>\n\n\n\n<p>Esa audaz y democr\u00e1tica iniciativa, por sus caracter\u00edsticas, logr\u00f3 una especial cobertura en prensa y portales por lo inusitado de nuestra acci\u00f3n. Hay una excelente portada del peri\u00f3dico Exc\u00e9lsior, posterior a la audiencia expositiva ante la Comisi\u00f3n de Puntos Constitucionales, que fue cabeceada con un ep\u00edgrafe memorable: \u201cHist\u00f3rico, avanza iniciativa ciudadana\u201d en materia de segunda vuelta y revocaci\u00f3n de mandato.<\/p>\n\n\n\n<p>Lamentablemente durante cinco a\u00f1os los senadores no dictaminaron la iniciativa y litigamos dicha omisi\u00f3n legislativa del Senado en sede jurisdiccional, ganando la sentencia en la Sala Superior as\u00ed como cinco posteriores incidentes de inejecuci\u00f3n de sentencia que no lograron conmover la sensibilidad legislativa ni la voluntad de los jerarcas de la C\u00e1mara Alta.<\/p>\n\n\n\n<p>Finalmente la revocaci\u00f3n de mandato \u201ctransit\u00f3\u201d debido a la iniciativa presentada por el presidente de la rep\u00fablica e inmediatamente respaldada por el grupo mayoritario. En la exposici\u00f3n de motivos se reconocieron las iniciativas previas como la nuestra y se p\u00fablic\u00f3 en el Diario Oficial el 20 de diciembre del 2019, y el 10 de abril del 2022 se puso en pr\u00e1ctica por primera vez este dispositivo constitucional.<\/p>\n\n\n\n<p>Para el plano local, la reforma constitucional federal del 2019 estableci\u00f3 lo siguiente en un art\u00edculo (sexto) transitorio: \u201cLas constituciones de las entidades federativas, dentro de los dieciocho meses siguientes a la entrada en vigor del presente Decreto, deber\u00e1n garantizar el derecho ciudadano a solicitar la revocaci\u00f3n de mandato de la persona titular del Poder Ejecutivo local\u201d.<\/p>\n\n\n\n<p>Para no desentonar en irresponsabilidad, el Congreso Local hizo lo propio pero hasta en mayo del 2022 (un a\u00f1o fuera de plazo) y qued\u00f3 obligado tambi\u00e9n a \u201cexpedir la Ley de Revocaci\u00f3n de Mandato para el Estado de Sinaloa dentro de los ciento ochenta d\u00edas posteriores\u201d.<\/p>\n\n\n\n<p>El PAS, fiel a su tradici\u00f3n de hiperactividad legislativa, inmediatamente el 26 de mayo del 2022 present\u00f3 su propia propuesta de Ley de Revocaci\u00f3n de Mandato, sin encontrar eco en el resto de los grupos parlamentarios. Al Congreso se le venci\u00f3 el plazo legislativo a finales del 2022 y fue omiso durante todo un a\u00f1o.<\/p>\n\n\n\n<p>En el PAS nunca nos quedamos cruzados de brazos y denunciamos al Congreso local por omisi\u00f3n ante el Tribunal Electoral del Estado de Sinaloa, quien nos dio la raz\u00f3n y sentenci\u00f3 al Congreso de Sinaloa, el pasado 12 de diciembre del 2023, ordenando mediante la resoluci\u00f3n TESIN-JDP-99\/2023 \u201cAl H. Congreso del Estado a que instruya a la Comisi\u00f3n de Puntos Constitucionales y Gobernaci\u00f3n del Congreso del Estado de Sinaloa, del mismo \u00f3rgano, para efecto de que emita en lo inmediato el dictamen correspondiente a la iniciativa que propone expedir la Ley de Revocaci\u00f3n de Mandato del Estado de Sinaloa; presentada por Jes\u00fas Ang\u00e9lica D\u00edaz Qui\u00f1\u00f3nez, a fin de que se d\u00e9 continuidad al proceso legislativo instaurado con motivo de dicha iniciativa\u201d.<\/p>\n\n\n\n<p>Por todo lo anterior, es de pena ajena, ileg\u00edtimo y absolutamente absurdo que el gobierno del estado se quiera adjudicar la paternidad de esta reforma, cuando han sido sus principales enemigos y ahora la respaldan simplemente porque no les queda de otra, obligados a actuar por la sentencia del Tribunal Electoral. Habr\u00e1 revocaci\u00f3n de mandato, no por ellos, sino a pesar de ellos y en contra de ellos.<\/p>\n\n\n\n<p>En el PAS seguiremos trabajando los 365 d\u00edas del a\u00f1o a favor de la gente, en todos los \u00e1mbitos de la res p\u00fablica: en el Congreso, los ayuntamientos, en la calle, las sindicaturas y las colonias populares. Nuestra vocaci\u00f3n de servicio y convicci\u00f3n democr\u00e1tica es de siempre y la historia verdadera sobre la revocaci\u00f3n de mandato es una prueba m\u00e1s de ello. Esta es la narrativa de los hechos, el relato de la verdad y no las mentiras con las que Morena pretende enga\u00f1ar al pueblo de M\u00e9xico.<\/p>\n\n\n\n<p>Un abrazo afectuoso y lo mejor a todos en este 2024.<\/p>\n","protected":false},"excerpt":{"rendered":"<p>El Partidos Sinaloense (PAS) es el partido local con la m\u00e1s intensa producci\u00f3n legislativa en todo el pa\u00eds, y somos pioneros en algunos aspectos pol\u00edticos hist\u00f3ricos como por ejemplo, ser el primer partido que dispuso la paridad de g\u00e9nero en la postulaci\u00f3n de candidaturas en 2013. Mismo orgullo sentimos de ser los impulsores de la [&hellip;]<\/p>\n","protected":false},"author":2,"featured_media":1129,"comment_status":"open","ping_status":"open","sticky":false,"template":"","format":"standard","meta":{"footnotes":""},"categories":[97,223,93],"tags":[226,263,264],"class_list":["post-8697","post","type-post","status-publish","format-standard","has-post-thumbnail","hentry","category-columnas","category-melesio-cuen-ojeda","category-principales","tag-columna","tag-hector-melesio-cuen-ojeda","tag-microscopio-social"],"aioseo_notices":[],"_links":{"self":[{"href":"https:\/\/crucialnuevaepoca.com\/web\/wp-json\/wp\/v2\/posts\/8697","targetHints":{"allow":["GET"]}}],"collection":[{"href":"https:\/\/crucialnuevaepoca.com\/web\/wp-json\/wp\/v2\/posts"}],"about":[{"href":"https:\/\/crucialnuevaepoca.com\/web\/wp-json\/wp\/v2\/types\/post"}],"author":[{"embeddable":true,"href":"https:\/\/crucialnuevaepoca.com\/web\/wp-json\/wp\/v2\/users\/2"}],"replies":[{"embeddable":true,"href":"https:\/\/crucialnuevaepoca.com\/web\/wp-json\/wp\/v2\/comments?post=8697"}],"version-history":[{"count":1,"href":"https:\/\/crucialnuevaepoca.com\/web\/wp-json\/wp\/v2\/posts\/8697\/revisions"}],"predecessor-version":[{"id":8698,"href":"https:\/\/crucialnuevaepoca.com\/web\/wp-json\/wp\/v2\/posts\/8697\/revisions\/8698"}],"wp:featuredmedia":[{"embeddable":true,"href":"https:\/\/crucialnuevaepoca.com\/web\/wp-json\/wp\/v2\/media\/1129"}],"wp:attachment":[{"href":"https:\/\/crucialnuevaepoca.com\/web\/wp-json\/wp\/v2\/media?parent=8697"}],"wp:term":[{"taxonomy":"category","embeddable":true,"href":"https:\/\/crucialnuevaepoca.com\/web\/wp-json\/wp\/v2\/categories?post=8697"},{"taxonomy":"post_tag","embeddable":true,"href":"https:\/\/crucialnuevaepoca.com\/web\/wp-json\/wp\/v2\/tags?post=8697"}],"curies":[{"name":"wp","href":"https:\/\/api.w.org\/{rel}","templated":true}]}}