{"id":8699,"date":"2024-01-08T11:59:22","date_gmt":"2024-01-08T18:59:22","guid":{"rendered":"https:\/\/crucialnuevaepoca.com\/web\/?p=8699"},"modified":"2024-01-08T11:59:23","modified_gmt":"2024-01-08T18:59:23","slug":"muere-el-exfutbolista-aleman-franz-beckenbauer-leyenda-del-bayern","status":"publish","type":"post","link":"https:\/\/crucialnuevaepoca.com\/web\/2024\/01\/08\/muere-el-exfutbolista-aleman-franz-beckenbauer-leyenda-del-bayern\/","title":{"rendered":"Muere el exfutbolista alem\u00e1n Franz Beckenbauer, leyenda del Bayern"},"content":{"rendered":"\n<p>A trav\u00e9s de redes sociales, se hizo oficial el fallecimiento de Franz Beckenbauer a los 78 a\u00f1os de edad, defensor que gan\u00f3 la Copa del Mundo con Alemania en 1974 ante los Pa\u00edses Bajos, que en ese entonces era comandado por Johan Cruyff y la Naranja Mec\u00e1nica.<\/p>\n\n\n\n<p>Beckenbauer se alej\u00f3 de la vida p\u00fablica cuando perdi\u00f3 la visi\u00f3n de su ojo derecho. Los m\u00e9dicos le aconsejaron no realizar viajes largos en avi\u00f3n por sus problemas card\u00edacos. De hecho, esa fue la raz\u00f3n por la que el l\u00edbero no estuvo presente en el velorio de Pel\u00e9.<\/p>\n\n\n\n<p>\u201cMe hubiese gustado viajar, pero mi salud no me permite realizar viajes largos\u201d, declar\u00f3 el propio alem\u00e1n en 2022.<\/p>\n\n\n\n<figure class=\"wp-block-image size-full\"><img fetchpriority=\"high\" decoding=\"async\" width=\"768\" height=\"479\" src=\"http:\/\/crucialnuevaepoca.com\/web\/wp-content\/uploads\/2024\/01\/Franz-Beckenbauer.png\" alt=\"\" class=\"wp-image-8701\" srcset=\"https:\/\/crucialnuevaepoca.com\/web\/wp-content\/uploads\/2024\/01\/Franz-Beckenbauer.png 768w, https:\/\/crucialnuevaepoca.com\/web\/wp-content\/uploads\/2024\/01\/Franz-Beckenbauer-300x187.png 300w\" sizes=\"(max-width: 768px) 100vw, 768px\" \/><\/figure>\n\n\n\n<p>Franz es considerado, hasta al fecha, como el mejor defensor en la historia del futbol. Tambi\u00e9n entr\u00f3 en la lista de los mejores jugadores del siglo XX junto a Maradona y Pel\u00e9. En su palmar\u00e9s destaca haber ganado la Copa del Mundo en 1974 ante Pa\u00edses Bajos y haber sido multicampe\u00f3n con el Bayern M\u00fanich en los a\u00f1os 70.<\/p>\n\n\n\n<p>\u201cFranz Beckenbauer no miraba el bal\u00f3n, sino que lo percib\u00eda con el pie\u201d, fue como lo describi\u00f3 Schwarzenbeck.<\/p>\n\n\n\n<p>\u201cSi dijera ahora que est\u00e1 bien, estar\u00eda mintiendo, y no me gusta mentir. No le va bien, es un sube y baja constante\u201d, revel\u00f3 su hermano sobre el estado de salud de Franz a inicios de este mes de enero.<\/p>\n\n\n\n<p>La etapa final de su carrera la pas\u00f3 en el New York Cosmos, donde fue campe\u00f3n tres veces junto a Pel\u00e9. Adem\u00e1s, como t\u00e9cnico gan\u00f3 nuevamente el Mundial con Alemania ante Argentina en Italia 1990. A\u00f1os despu\u00e9s fue nombrado presidente del Bayern, posteriormente pas\u00f3 a ser presidente honor\u00edfico, cargo que ostent\u00f3 hasta su fallecimiento.<\/p>\n","protected":false},"excerpt":{"rendered":"<p>A trav\u00e9s de redes sociales, se hizo oficial el fallecimiento de Franz Beckenbauer a los 78 a\u00f1os de edad, defensor que gan\u00f3 la Copa del Mundo con Alemania en 1974 ante los Pa\u00edses Bajos, que en ese entonces era comandado por Johan Cruyff y la Naranja Mec\u00e1nica. Beckenbauer se alej\u00f3 de la vida p\u00fablica cuando [&hellip;]<\/p>\n","protected":false},"author":2,"featured_media":8700,"comment_status":"open","ping_status":"open","sticky":false,"template":"","format":"standard","meta":{"footnotes":""},"categories":[93,31],"tags":[2393,2391,2144,2392,230,2390],"class_list":["post-8699","post","type-post","status-publish","format-standard","has-post-thumbnail","hentry","category-principales","category-deportes","tag-alemania","tag-deportes","tag-fallecimiento","tag-franz-beckenbauer","tag-futbol","tag-tierradportiva"],"aioseo_notices":[],"_links":{"self":[{"href":"https:\/\/crucialnuevaepoca.com\/web\/wp-json\/wp\/v2\/posts\/8699","targetHints":{"allow":["GET"]}}],"collection":[{"href":"https:\/\/crucialnuevaepoca.com\/web\/wp-json\/wp\/v2\/posts"}],"about":[{"href":"https:\/\/crucialnuevaepoca.com\/web\/wp-json\/wp\/v2\/types\/post"}],"author":[{"embeddable":true,"href":"https:\/\/crucialnuevaepoca.com\/web\/wp-json\/wp\/v2\/users\/2"}],"replies":[{"embeddable":true,"href":"https:\/\/crucialnuevaepoca.com\/web\/wp-json\/wp\/v2\/comments?post=8699"}],"version-history":[{"count":1,"href":"https:\/\/crucialnuevaepoca.com\/web\/wp-json\/wp\/v2\/posts\/8699\/revisions"}],"predecessor-version":[{"id":8702,"href":"https:\/\/crucialnuevaepoca.com\/web\/wp-json\/wp\/v2\/posts\/8699\/revisions\/8702"}],"wp:featuredmedia":[{"embeddable":true,"href":"https:\/\/crucialnuevaepoca.com\/web\/wp-json\/wp\/v2\/media\/8700"}],"wp:attachment":[{"href":"https:\/\/crucialnuevaepoca.com\/web\/wp-json\/wp\/v2\/media?parent=8699"}],"wp:term":[{"taxonomy":"category","embeddable":true,"href":"https:\/\/crucialnuevaepoca.com\/web\/wp-json\/wp\/v2\/categories?post=8699"},{"taxonomy":"post_tag","embeddable":true,"href":"https:\/\/crucialnuevaepoca.com\/web\/wp-json\/wp\/v2\/tags?post=8699"}],"curies":[{"name":"wp","href":"https:\/\/api.w.org\/{rel}","templated":true}]}}