{"id":8735,"date":"2024-01-12T15:23:19","date_gmt":"2024-01-12T22:23:19","guid":{"rendered":"https:\/\/crucialnuevaepoca.com\/web\/?p=8735"},"modified":"2024-01-12T15:23:19","modified_gmt":"2024-01-12T22:23:19","slug":"celebra-pas-asamblea-para-emitir-convocatoria-interna-para-la-eleccion-de-posibles-candidatos","status":"publish","type":"post","link":"https:\/\/crucialnuevaepoca.com\/web\/2024\/01\/12\/celebra-pas-asamblea-para-emitir-convocatoria-interna-para-la-eleccion-de-posibles-candidatos\/","title":{"rendered":"Celebra PAS asamblea para emitir convocatoria interna para la elecci\u00f3n de posibles candidatos"},"content":{"rendered":"\n<p><strong><em>Culiac\u00e1n, Sin.<\/em><\/strong> &#8211; El Presidente Estatal H\u00e9ctor Melesio Cu\u00e9n Ojeda presidi\u00f3 la asamblea a la que asistieron los delegados, coordinadores de distrito, as\u00ed como los presidentes municipales del Partido Sinaloense de todo el estado.<\/p>\n\n\n\n<p>Uno de los principales puntos del d\u00eda fue otorgarle al Presidente del Comit\u00e9 Ejecutivo Estatal, H\u00e9ctor Melesio Cu\u00e9n Ojeda, la facultad de celebrar, explorar, firmar, suscribir, presentar y registrar ante las Autoridades Electorales Nacionales y Estatales, Convenios de Coalici\u00f3n, Alianzas y\/o Acuerdos de Participaci\u00f3n.<\/p>\n\n\n\n<figure class=\"wp-block-image size-full\"><img fetchpriority=\"high\" decoding=\"async\" width=\"850\" height=\"555\" src=\"http:\/\/crucialnuevaepoca.com\/web\/wp-content\/uploads\/2024\/01\/DSC00271.jpg\" alt=\"\" class=\"wp-image-8738\" srcset=\"https:\/\/crucialnuevaepoca.com\/web\/wp-content\/uploads\/2024\/01\/DSC00271.jpg 850w, https:\/\/crucialnuevaepoca.com\/web\/wp-content\/uploads\/2024\/01\/DSC00271-300x196.jpg 300w, https:\/\/crucialnuevaepoca.com\/web\/wp-content\/uploads\/2024\/01\/DSC00271-768x501.jpg 768w\" sizes=\"(max-width: 850px) 100vw, 850px\" \/><\/figure>\n\n\n\n<p>Se autoriz\u00f3 a la Comisi\u00f3n de Procesos Internos a emitir la convocatoria para la elecci\u00f3n de candidatas y candidatos a Diputaciones Locales y Ayuntamientos para el siguiente proceso electoral de 2024.<\/p>\n\n\n\n<p>Por su parte, el Presidente Estatal H\u00e9ctor Melesio Cu\u00e9n Ojeda agradeci\u00f3 a los integrantes de la asamblea el esfuerzo y dedicaci\u00f3n que se ha dado todo este tiempo, especialmente en estos momentos, debido a la persecuci\u00f3n pol\u00edtica que enfrenta el PAS por parte del gobierno estatal y de algunos diputados locales.<\/p>\n\n\n\n<p>Reiter\u00f3 su compromiso y agradeci\u00f3 la confianza otorgada para llevar a cabo las reuniones y posibles firmas que beneficiar\u00e1n al PAS en el pr\u00f3ximo proceso electoral.<\/p>\n\n\n\n<p>Con orgullo, reiter\u00f3 que el fruto del esfuerzo y de a\u00f1os de trabajo ha posicionado al PAS como el partido local m\u00e1s grande de M\u00e9xico, afirm\u00f3 Cu\u00e9n Ojeda.<\/p>\n\n\n\n<figure class=\"wp-block-image size-full\"><img decoding=\"async\" width=\"850\" height=\"525\" src=\"http:\/\/crucialnuevaepoca.com\/web\/wp-content\/uploads\/2024\/01\/DSC00321.jpg\" alt=\"\" class=\"wp-image-8739\" srcset=\"https:\/\/crucialnuevaepoca.com\/web\/wp-content\/uploads\/2024\/01\/DSC00321.jpg 850w, https:\/\/crucialnuevaepoca.com\/web\/wp-content\/uploads\/2024\/01\/DSC00321-300x185.jpg 300w, https:\/\/crucialnuevaepoca.com\/web\/wp-content\/uploads\/2024\/01\/DSC00321-768x474.jpg 768w\" sizes=\"(max-width: 850px) 100vw, 850px\" \/><\/figure>\n\n\n\n<figure class=\"wp-block-image size-full\"><img decoding=\"async\" width=\"850\" height=\"486\" src=\"http:\/\/crucialnuevaepoca.com\/web\/wp-content\/uploads\/2024\/01\/DSC00141.jpg\" alt=\"\" class=\"wp-image-8736\" srcset=\"https:\/\/crucialnuevaepoca.com\/web\/wp-content\/uploads\/2024\/01\/DSC00141.jpg 850w, https:\/\/crucialnuevaepoca.com\/web\/wp-content\/uploads\/2024\/01\/DSC00141-300x172.jpg 300w, https:\/\/crucialnuevaepoca.com\/web\/wp-content\/uploads\/2024\/01\/DSC00141-768x439.jpg 768w\" sizes=\"(max-width: 850px) 100vw, 850px\" \/><\/figure>\n","protected":false},"excerpt":{"rendered":"<p>Culiac\u00e1n, Sin. &#8211; El Presidente Estatal H\u00e9ctor Melesio Cu\u00e9n Ojeda presidi\u00f3 la asamblea a la que asistieron los delegados, coordinadores de distrito, as\u00ed como los presidentes municipales del Partido Sinaloense de todo el estado. Uno de los principales puntos del d\u00eda fue otorgarle al Presidente del Comit\u00e9 Ejecutivo Estatal, H\u00e9ctor Melesio Cu\u00e9n Ojeda, la facultad [&hellip;]<\/p>\n","protected":false},"author":2,"featured_media":8737,"comment_status":"open","ping_status":"open","sticky":false,"template":"","format":"standard","meta":{"footnotes":""},"categories":[102,93],"tags":[510,2406,755,263,372,379],"class_list":["post-8735","post","type-post","status-publish","format-standard","has-post-thumbnail","hentry","category-asociaciones","category-principales","tag-asamblea","tag-candidatos","tag-convocatoria","tag-hector-melesio-cuen-ojeda","tag-partido-sinaloense","tag-pas"],"aioseo_notices":[],"_links":{"self":[{"href":"https:\/\/crucialnuevaepoca.com\/web\/wp-json\/wp\/v2\/posts\/8735","targetHints":{"allow":["GET"]}}],"collection":[{"href":"https:\/\/crucialnuevaepoca.com\/web\/wp-json\/wp\/v2\/posts"}],"about":[{"href":"https:\/\/crucialnuevaepoca.com\/web\/wp-json\/wp\/v2\/types\/post"}],"author":[{"embeddable":true,"href":"https:\/\/crucialnuevaepoca.com\/web\/wp-json\/wp\/v2\/users\/2"}],"replies":[{"embeddable":true,"href":"https:\/\/crucialnuevaepoca.com\/web\/wp-json\/wp\/v2\/comments?post=8735"}],"version-history":[{"count":1,"href":"https:\/\/crucialnuevaepoca.com\/web\/wp-json\/wp\/v2\/posts\/8735\/revisions"}],"predecessor-version":[{"id":8740,"href":"https:\/\/crucialnuevaepoca.com\/web\/wp-json\/wp\/v2\/posts\/8735\/revisions\/8740"}],"wp:featuredmedia":[{"embeddable":true,"href":"https:\/\/crucialnuevaepoca.com\/web\/wp-json\/wp\/v2\/media\/8737"}],"wp:attachment":[{"href":"https:\/\/crucialnuevaepoca.com\/web\/wp-json\/wp\/v2\/media?parent=8735"}],"wp:term":[{"taxonomy":"category","embeddable":true,"href":"https:\/\/crucialnuevaepoca.com\/web\/wp-json\/wp\/v2\/categories?post=8735"},{"taxonomy":"post_tag","embeddable":true,"href":"https:\/\/crucialnuevaepoca.com\/web\/wp-json\/wp\/v2\/tags?post=8735"}],"curies":[{"name":"wp","href":"https:\/\/api.w.org\/{rel}","templated":true}]}}