{"id":8829,"date":"2024-01-22T16:25:46","date_gmt":"2024-01-22T23:25:46","guid":{"rendered":"https:\/\/crucialnuevaepoca.com\/web\/?p=8829"},"modified":"2024-01-22T16:25:46","modified_gmt":"2024-01-22T23:25:46","slug":"nosotros-vamos-con-todo-con-la-coalicion-fuerza-y-corazon-por-sinaloa-cuen-ojeda","status":"publish","type":"post","link":"https:\/\/crucialnuevaepoca.com\/web\/2024\/01\/22\/nosotros-vamos-con-todo-con-la-coalicion-fuerza-y-corazon-por-sinaloa-cuen-ojeda\/","title":{"rendered":"Nosotros vamos con todo con la coalici\u00f3n \u00abFuerza y Coraz\u00f3n Por Sinaloa\u00bb: Cu\u00e9n Ojeda"},"content":{"rendered":"\n<p>Nosotros somos de palabra y gente que cumple sus acuerdos y creamos uno con los partidos del PRI, PAN, PRD pero sobre todo el acuerdo principal es con X\u00f3chitl G\u00e1lvez afirm\u00f3 Cu\u00e9n Ojeda<\/p>\n\n\n\n<p>Aqu\u00ed en Sinaloa es necesario unirnos por el problema que se vive actualmente en el estado, por ello hago el llamado a la sociedad a meditar la situaci\u00f3n actual, no es posible no tener un contrapeso ya que no existe la divisi\u00f3n de poderes afirm\u00f3 el l\u00edder PASista.<\/p>\n\n\n\n<p>Por nuestra parte el PAS estar\u00e1 firme todo el proceso el cual inicia para el tema federal son de tres meses a partir del primero de marzo pero lo local inciara a partir del 15 de abril y como hemos decidido tambi\u00e9n apoyar la candidatura a la Presidencia de la Rep\u00fablica, as\u00ed como los candidatos al Senado y Diputados Federales.<\/p>\n\n\n\n<p>Nosotros en el plano local ya estamos en precampa\u00f1a y es por ellos que ya se pueden emitir las candidaturas donde cada partido realizar\u00e1 su proceso para llevar a las candidaturas a los hombres y mujeres mejor preparados afirm\u00f3 el Presidente Estatal Cu\u00e9n Ojeda.<\/p>\n","protected":false},"excerpt":{"rendered":"<p>Nosotros somos de palabra y gente que cumple sus acuerdos y creamos uno con los partidos del PRI, PAN, PRD pero sobre todo el acuerdo principal es con X\u00f3chitl G\u00e1lvez afirm\u00f3 Cu\u00e9n Ojeda Aqu\u00ed en Sinaloa es necesario unirnos por el problema que se vive actualmente en el estado, por ello hago el llamado a [&hellip;]<\/p>\n","protected":false},"author":2,"featured_media":8830,"comment_status":"open","ping_status":"open","sticky":false,"template":"","format":"standard","meta":{"footnotes":""},"categories":[102,93],"tags":[2389,263,2426,2205],"class_list":["post-8829","post","type-post","status-publish","format-standard","has-post-thumbnail","hentry","category-asociaciones","category-principales","tag-coalicion-fuerza-y-corazon-por-mexico","tag-hector-melesio-cuen-ojeda","tag-podcast","tag-xochitl-galvez"],"aioseo_notices":[],"_links":{"self":[{"href":"https:\/\/crucialnuevaepoca.com\/web\/wp-json\/wp\/v2\/posts\/8829","targetHints":{"allow":["GET"]}}],"collection":[{"href":"https:\/\/crucialnuevaepoca.com\/web\/wp-json\/wp\/v2\/posts"}],"about":[{"href":"https:\/\/crucialnuevaepoca.com\/web\/wp-json\/wp\/v2\/types\/post"}],"author":[{"embeddable":true,"href":"https:\/\/crucialnuevaepoca.com\/web\/wp-json\/wp\/v2\/users\/2"}],"replies":[{"embeddable":true,"href":"https:\/\/crucialnuevaepoca.com\/web\/wp-json\/wp\/v2\/comments?post=8829"}],"version-history":[{"count":1,"href":"https:\/\/crucialnuevaepoca.com\/web\/wp-json\/wp\/v2\/posts\/8829\/revisions"}],"predecessor-version":[{"id":8831,"href":"https:\/\/crucialnuevaepoca.com\/web\/wp-json\/wp\/v2\/posts\/8829\/revisions\/8831"}],"wp:featuredmedia":[{"embeddable":true,"href":"https:\/\/crucialnuevaepoca.com\/web\/wp-json\/wp\/v2\/media\/8830"}],"wp:attachment":[{"href":"https:\/\/crucialnuevaepoca.com\/web\/wp-json\/wp\/v2\/media?parent=8829"}],"wp:term":[{"taxonomy":"category","embeddable":true,"href":"https:\/\/crucialnuevaepoca.com\/web\/wp-json\/wp\/v2\/categories?post=8829"},{"taxonomy":"post_tag","embeddable":true,"href":"https:\/\/crucialnuevaepoca.com\/web\/wp-json\/wp\/v2\/tags?post=8829"}],"curies":[{"name":"wp","href":"https:\/\/api.w.org\/{rel}","templated":true}]}}