{"id":8982,"date":"2024-02-06T12:52:00","date_gmt":"2024-02-06T19:52:00","guid":{"rendered":"https:\/\/crucialnuevaepoca.com\/web\/?p=8982"},"modified":"2024-02-06T12:52:01","modified_gmt":"2024-02-06T19:52:01","slug":"debates-presidenciales-ciudadanos-podran-enviar-preguntas-a-candidatos","status":"publish","type":"post","link":"https:\/\/crucialnuevaepoca.com\/web\/2024\/02\/06\/debates-presidenciales-ciudadanos-podran-enviar-preguntas-a-candidatos\/","title":{"rendered":"Debates presidenciales: ciudadanos podr\u00e1n enviar preguntas a candidatos"},"content":{"rendered":"\n<p>Los ciudadanos podr\u00e1n enviar, a trav\u00e9s de un formulario en l\u00ednea y la p\u00e1gina oficial del Instituto Nacional Electoral (INE), preguntas a los candidatos presidenciales que participar\u00e1n en el primer debate presidencial, a realizarse el 7 de abril.<\/p>\n\n\n\n<p>As\u00ed lo decidi\u00f3 este d\u00eda la Comisi\u00f3n Temporal de Debates en reuni\u00f3n virtual.<\/p>\n\n\n\n<p>Las preguntas ser\u00e1n recolectadas del 20 de febrero al 21 de marzo y \u00e9stas no deber\u00e1n incluir discursos de odio, inclinaci\u00f3n partidista, ideol\u00f3gica, religiosa o cualquier manifestaci\u00f3n de violencia; las preguntas deber\u00e1n redactarse de forma general y no dirigida a una candidatura espec\u00edfica.<\/p>\n\n\n\n<p>La consejera Carla Humphrey, presidenta de la Comisi\u00f3n de Debates, explic\u00f3 que los ciudadanos podr\u00e1n enviar hasta seis preguntas que se apeguen a los temas del primer debate: educaci\u00f3n y salud, transparencia y combate a la corrupci\u00f3n y no discriminaci\u00f3n y grupos vulnerables.<\/p>\n\n\n\n<p>Explic\u00f3 que todos los formularios que se reciban ser\u00e1n entregados a Signalab \u2013laboratorio de innovaci\u00f3n del Instituto Tecnol\u00f3gico de Estudios Superiores de Occidente (Iteso)\u2013, instituci\u00f3n que elegir\u00e1 108 preguntas con base en la metodolog\u00eda de selecci\u00f3n que aprob\u00f3 la Comisi\u00f3n de Debates.<\/p>\n\n\n\n<p>Las 108 preguntas ser\u00e1n entregadas a los moderadores y durante el debate elegir\u00e1n algunas para exponerlas a Claudia Sheinbaum X\u00f3chitl G\u00e1lvez y Jorge \u00c1lvarez M\u00e1ynez, candidatos presidenciales de Morena-PT-PVEM, PRI-PAN-PRD y Movimiento Ciudadano, respectivamente.<\/p>\n\n\n\n<p>En tanto, la consejera Dania Ravel cuestion\u00f3 si habr\u00e1 alg\u00fan filtro \u2013adem\u00e1s del c\u00f3digo captcha que frena la participaci\u00f3n de bots\u2013 para evitar que militantes de partidos pol\u00edticos, a lo que la Coordinaci\u00f3n de Comunicaci\u00f3n Social del INE le respondi\u00f3 que Signalab har\u00e1 un an\u00e1lisis para encontrar patrones que pudieran advertir una estrategia sistematica para incluir preguntas.<\/p>\n\n\n\n<p>El primer debate presidencial que fue nombrado \u201cLa sociedad que queremos\u201d tendr\u00e1 lugar en la sede del INE y a\u00fan debe decidirse qui\u00e9n ser\u00e1 el moderador de este ejercicio.<\/p>\n","protected":false},"excerpt":{"rendered":"<p>Los ciudadanos podr\u00e1n enviar, a trav\u00e9s de un formulario en l\u00ednea y la p\u00e1gina oficial del Instituto Nacional Electoral (INE), preguntas a los candidatos presidenciales que participar\u00e1n en el primer debate presidencial, a realizarse el 7 de abril. As\u00ed lo decidi\u00f3 este d\u00eda la Comisi\u00f3n Temporal de Debates en reuni\u00f3n virtual. Las preguntas ser\u00e1n recolectadas [&hellip;]<\/p>\n","protected":false},"author":2,"featured_media":8976,"comment_status":"open","ping_status":"open","sticky":false,"template":"","format":"standard","meta":{"footnotes":""},"categories":[28,93],"tags":[2406,2476,1678,1223,2477],"class_list":["post-8982","post","type-post","status-publish","format-standard","has-post-thumbnail","hentry","category-nacional","category-principales","tag-candidatos","tag-debates-presidenciales","tag-elecciones-2024","tag-ine","tag-preguntas"],"aioseo_notices":[],"_links":{"self":[{"href":"https:\/\/crucialnuevaepoca.com\/web\/wp-json\/wp\/v2\/posts\/8982","targetHints":{"allow":["GET"]}}],"collection":[{"href":"https:\/\/crucialnuevaepoca.com\/web\/wp-json\/wp\/v2\/posts"}],"about":[{"href":"https:\/\/crucialnuevaepoca.com\/web\/wp-json\/wp\/v2\/types\/post"}],"author":[{"embeddable":true,"href":"https:\/\/crucialnuevaepoca.com\/web\/wp-json\/wp\/v2\/users\/2"}],"replies":[{"embeddable":true,"href":"https:\/\/crucialnuevaepoca.com\/web\/wp-json\/wp\/v2\/comments?post=8982"}],"version-history":[{"count":1,"href":"https:\/\/crucialnuevaepoca.com\/web\/wp-json\/wp\/v2\/posts\/8982\/revisions"}],"predecessor-version":[{"id":8983,"href":"https:\/\/crucialnuevaepoca.com\/web\/wp-json\/wp\/v2\/posts\/8982\/revisions\/8983"}],"wp:featuredmedia":[{"embeddable":true,"href":"https:\/\/crucialnuevaepoca.com\/web\/wp-json\/wp\/v2\/media\/8976"}],"wp:attachment":[{"href":"https:\/\/crucialnuevaepoca.com\/web\/wp-json\/wp\/v2\/media?parent=8982"}],"wp:term":[{"taxonomy":"category","embeddable":true,"href":"https:\/\/crucialnuevaepoca.com\/web\/wp-json\/wp\/v2\/categories?post=8982"},{"taxonomy":"post_tag","embeddable":true,"href":"https:\/\/crucialnuevaepoca.com\/web\/wp-json\/wp\/v2\/tags?post=8982"}],"curies":[{"name":"wp","href":"https:\/\/api.w.org\/{rel}","templated":true}]}}