{"id":8986,"date":"2024-02-06T12:57:52","date_gmt":"2024-02-06T19:57:52","guid":{"rendered":"https:\/\/crucialnuevaepoca.com\/web\/?p=8986"},"modified":"2024-02-06T12:57:52","modified_gmt":"2024-02-06T19:57:52","slug":"a-traves-de-un-documento-la-comunidad-universitaria-exige-al-gobernador-y-la-fiscalia-un-alto-a-la-persecucion-politica-y-el-discurso-de-odio-contra-la-nueva-universidad","status":"publish","type":"post","link":"https:\/\/crucialnuevaepoca.com\/web\/2024\/02\/06\/a-traves-de-un-documento-la-comunidad-universitaria-exige-al-gobernador-y-la-fiscalia-un-alto-a-la-persecucion-politica-y-el-discurso-de-odio-contra-la-nueva-universidad\/","title":{"rendered":"A trav\u00e9s de un documento, la Comunidad Universitaria exige al Gobernador y la Fiscal\u00eda un alto a la persecuci\u00f3n pol\u00edtica y el discurso de odio contra la Nueva Universidad"},"content":{"rendered":"\n<p>La Comunidad Universitaria entreg\u00f3 este martes, en las instalaciones de la Fiscal\u00eda General del Estado, un documento dirigido al gobernador Rub\u00e9n Rocha Moya, a la Fiscal General Sara Bruna Qui\u00f1\u00f3nez Estrada y a la opini\u00f3n p\u00fablica, ante la evidente persecuci\u00f3n pol\u00edtica y el discurso de odio del cual es v\u00edctima la Universidad Aut\u00f3noma de Sinaloa y sus autoridades.<\/p>\n\n\n\n<p>En \u00e9l se detallan las conductas que ha mostrado la Fiscal\u00eda, las cuales lesionan a la Casa Rosalina, sobre todo a trav\u00e9s de declaraciones p\u00fablicas que da\u00f1an la imagen de la UAS, alimentando un discurso de odio que nada abona a la gobernabilidad del Estado de Sinaloa, adem\u00e1s de la integraci\u00f3n de carpetas de investigaci\u00f3n que no cumplen con los principios de imparcialidad, confiabilidad, de lealtad y buena fe en la procuraci\u00f3n de justicia.<\/p>\n\n\n\n<p>Es por ello que las y los universitarios exigieron que las denuncias que lamentablemente ocupan de manera prioritaria la agenda de la Fiscal\u00eda General del Estado de Sinaloa, se realicen apegadas a la realidad material y jur\u00eddica, en donde se deje por fuera todo inter\u00e9s pol\u00edtico ajeno a la educaci\u00f3n p\u00fablica y que afecte directamente a la Comunidad Universitaria.<\/p>\n","protected":false},"excerpt":{"rendered":"<p>La Comunidad Universitaria entreg\u00f3 este martes, en las instalaciones de la Fiscal\u00eda General del Estado, un documento dirigido al gobernador Rub\u00e9n Rocha Moya, a la Fiscal General Sara Bruna Qui\u00f1\u00f3nez Estrada y a la opini\u00f3n p\u00fablica, ante la evidente persecuci\u00f3n pol\u00edtica y el discurso de odio del cual es v\u00edctima la Universidad Aut\u00f3noma de Sinaloa [&hellip;]<\/p>\n","protected":false},"author":2,"featured_media":8974,"comment_status":"open","ping_status":"open","sticky":false,"template":"","format":"standard","meta":{"footnotes":""},"categories":[122,93],"tags":[2037,1401,1808,1494,13,546],"class_list":["post-8986","post","type-post","status-publish","format-standard","has-post-thumbnail","hentry","category-educacion","category-principales","tag-defensa-de-la-autonomia-universitaria","tag-fiscalia-general-del-estado","tag-persecucion-politica","tag-sara-bruna-quinonez","tag-uas","tag-universidad-autonoma-de-sinaloa"],"aioseo_notices":[],"_links":{"self":[{"href":"https:\/\/crucialnuevaepoca.com\/web\/wp-json\/wp\/v2\/posts\/8986","targetHints":{"allow":["GET"]}}],"collection":[{"href":"https:\/\/crucialnuevaepoca.com\/web\/wp-json\/wp\/v2\/posts"}],"about":[{"href":"https:\/\/crucialnuevaepoca.com\/web\/wp-json\/wp\/v2\/types\/post"}],"author":[{"embeddable":true,"href":"https:\/\/crucialnuevaepoca.com\/web\/wp-json\/wp\/v2\/users\/2"}],"replies":[{"embeddable":true,"href":"https:\/\/crucialnuevaepoca.com\/web\/wp-json\/wp\/v2\/comments?post=8986"}],"version-history":[{"count":1,"href":"https:\/\/crucialnuevaepoca.com\/web\/wp-json\/wp\/v2\/posts\/8986\/revisions"}],"predecessor-version":[{"id":8987,"href":"https:\/\/crucialnuevaepoca.com\/web\/wp-json\/wp\/v2\/posts\/8986\/revisions\/8987"}],"wp:featuredmedia":[{"embeddable":true,"href":"https:\/\/crucialnuevaepoca.com\/web\/wp-json\/wp\/v2\/media\/8974"}],"wp:attachment":[{"href":"https:\/\/crucialnuevaepoca.com\/web\/wp-json\/wp\/v2\/media?parent=8986"}],"wp:term":[{"taxonomy":"category","embeddable":true,"href":"https:\/\/crucialnuevaepoca.com\/web\/wp-json\/wp\/v2\/categories?post=8986"},{"taxonomy":"post_tag","embeddable":true,"href":"https:\/\/crucialnuevaepoca.com\/web\/wp-json\/wp\/v2\/tags?post=8986"}],"curies":[{"name":"wp","href":"https:\/\/api.w.org\/{rel}","templated":true}]}}