{"id":9073,"date":"2024-02-20T15:58:19","date_gmt":"2024-02-20T22:58:19","guid":{"rendered":"https:\/\/crucialnuevaepoca.com\/web\/?p=9073"},"modified":"2024-02-20T15:58:20","modified_gmt":"2024-02-20T22:58:20","slug":"la-uas-esta-en-la-lucha-miles-de-universitarios-se-concentran-en-las-inmediaciones-del-congreso-del-estado-exigiendo-un-alto-a-la-campana-de-odio-y-desprestigio","status":"publish","type":"post","link":"https:\/\/crucialnuevaepoca.com\/web\/2024\/02\/20\/la-uas-esta-en-la-lucha-miles-de-universitarios-se-concentran-en-las-inmediaciones-del-congreso-del-estado-exigiendo-un-alto-a-la-campana-de-odio-y-desprestigio\/","title":{"rendered":"\u00a1La UAS est\u00e1 en la lucha! Miles de universitarios se concentran en las inmediaciones del Congreso del Estado exigiendo un alto a la campa\u00f1a de odio y desprestigio"},"content":{"rendered":"\n<p>\u201cLa UAS est\u00e1 en la lucha\u201d, qued\u00f3 comprobado ante en la concentraci\u00f3n pac\u00edfica en donde se cont\u00f3 con la participaci\u00f3n de m\u00e1s de 8 mil universitarios del \u00e1rea de las ciencias sociales, econ\u00f3micas y administrativas de la Universidad Aut\u00f3noma de Sinaloa (UAS), en las instalaciones del Congreso del Estado, esperando ser escuchados y atendidos, exigiendo un alto a la campa\u00f1a de odio y desprestigio que encabeza el Gobierno del Estado hacia la Casa Rosalina.<\/p>\n\n\n\n<p>Dicha concentraci\u00f3n est\u00e1 ligada a las estrategias del del Plan de Acci\u00f3n y de los Comit\u00e9s para la Defensa de la Autonom\u00eda Universitaria, coordinado por Jos\u00e9 Carlos Aceves Tamayo, quien en compa\u00f1\u00eda de una comisi\u00f3n de Rosalinos, accedieron al \u00e1rea de Oficial\u00eda de Partes en el palacio Legislativo, declarando cuya intenci\u00f3n fue hacer entrega de una solicitud para que se lleve a cabo una mesa de di\u00e1logo, donde se ponga la autonom\u00eda universitaria por delante y puedan participar los medios de comunicaci\u00f3n, testigos de honor as\u00ed como colegios de profesionistas.<\/p>\n\n\n\n<figure class=\"wp-block-image size-full\"><img fetchpriority=\"high\" decoding=\"async\" width=\"850\" height=\"567\" src=\"http:\/\/crucialnuevaepoca.com\/web\/wp-content\/uploads\/2024\/02\/4-2.jpg\" alt=\"\" class=\"wp-image-9066\" srcset=\"https:\/\/crucialnuevaepoca.com\/web\/wp-content\/uploads\/2024\/02\/4-2.jpg 850w, https:\/\/crucialnuevaepoca.com\/web\/wp-content\/uploads\/2024\/02\/4-2-300x200.jpg 300w, https:\/\/crucialnuevaepoca.com\/web\/wp-content\/uploads\/2024\/02\/4-2-768x512.jpg 768w\" sizes=\"(max-width: 850px) 100vw, 850px\" \/><\/figure>\n\n\n\n<p>\u201cQue podamos analizar los resolutivos de los tribunales colegiados de los juzgados de distrito, donde se pueda constatar que existe una violaci\u00f3n a la autonom\u00eda universitaria que ya ha sido expresada por los jueces de distrito y que a partir de ah\u00ed podamos buscar un punto medio, un punto de equilibrio\u201d, expres\u00f3.<\/p>\n\n\n\n<p>Al salir del recinto ya hac\u00edan los miles de universitarios quienes al grito de \u201cViva la UAS\u201d refrendaron su apoyo incondicional; por su parte el Abogado General de la UAS, el licenciado Yamir Valdez \u00c1lvarez brind\u00f3 un motivador mensaje a los asistentes, as\u00ed como por parte del joven Sebasti\u00e1n Amador, en representaci\u00f3n de la comunidad estudiantil.<\/p>\n\n\n\n<p>\u201cSi\u00e9ntanse orgullosos porque estamos escribiendo historia, nosotros si haremos historia, la UAS est\u00e1 escribiendo un cap\u00edtulo m\u00e1s en la lucha de su autonom\u00eda\u201d, coment\u00f3.<\/p>\n\n\n\n<p>\u201cPorque todos los que estamos aqu\u00ed queremos una Universidad libre y aut\u00f3noma por todo el apoyo que nos brinda como estudiantes, d\u00edganme \u00bfen qu\u00e9 universidad tenemos este trato humano?\u201d, expres\u00f3.<\/p>\n\n\n\n<p>A su vez aseguraron mantener esta lucha y a partir de las recientes manifestaciones que se han llevado a cabo en la unidad regional centro, Mazatl\u00e1n y Los Mochis, la actividad continuar\u00e1 en cuatro municipios de la unidad regional centro- norte, as\u00ed como la socializaci\u00f3n con la comunidad en cruceros y en cada uno de los hogares sinaloenses.<\/p>\n","protected":false},"excerpt":{"rendered":"<p>\u201cLa UAS est\u00e1 en la lucha\u201d, qued\u00f3 comprobado ante en la concentraci\u00f3n pac\u00edfica en donde se cont\u00f3 con la participaci\u00f3n de m\u00e1s de 8 mil universitarios del \u00e1rea de las ciencias sociales, econ\u00f3micas y administrativas de la Universidad Aut\u00f3noma de Sinaloa (UAS), en las instalaciones del Congreso del Estado, esperando ser escuchados y atendidos, exigiendo [&hellip;]<\/p>\n","protected":false},"author":2,"featured_media":9069,"comment_status":"open","ping_status":"open","sticky":false,"template":"","format":"standard","meta":{"footnotes":""},"categories":[122,93],"tags":[278,2037,124,40,13,546],"class_list":["post-9073","post","type-post","status-publish","format-standard","has-post-thumbnail","hentry","category-educacion","category-principales","tag-congreso-de-sinaloa","tag-defensa-de-la-autonomia-universitaria","tag-rector-maduena","tag-sinaloa","tag-uas","tag-universidad-autonoma-de-sinaloa"],"aioseo_notices":[],"_links":{"self":[{"href":"https:\/\/crucialnuevaepoca.com\/web\/wp-json\/wp\/v2\/posts\/9073","targetHints":{"allow":["GET"]}}],"collection":[{"href":"https:\/\/crucialnuevaepoca.com\/web\/wp-json\/wp\/v2\/posts"}],"about":[{"href":"https:\/\/crucialnuevaepoca.com\/web\/wp-json\/wp\/v2\/types\/post"}],"author":[{"embeddable":true,"href":"https:\/\/crucialnuevaepoca.com\/web\/wp-json\/wp\/v2\/users\/2"}],"replies":[{"embeddable":true,"href":"https:\/\/crucialnuevaepoca.com\/web\/wp-json\/wp\/v2\/comments?post=9073"}],"version-history":[{"count":1,"href":"https:\/\/crucialnuevaepoca.com\/web\/wp-json\/wp\/v2\/posts\/9073\/revisions"}],"predecessor-version":[{"id":9074,"href":"https:\/\/crucialnuevaepoca.com\/web\/wp-json\/wp\/v2\/posts\/9073\/revisions\/9074"}],"wp:featuredmedia":[{"embeddable":true,"href":"https:\/\/crucialnuevaepoca.com\/web\/wp-json\/wp\/v2\/media\/9069"}],"wp:attachment":[{"href":"https:\/\/crucialnuevaepoca.com\/web\/wp-json\/wp\/v2\/media?parent=9073"}],"wp:term":[{"taxonomy":"category","embeddable":true,"href":"https:\/\/crucialnuevaepoca.com\/web\/wp-json\/wp\/v2\/categories?post=9073"},{"taxonomy":"post_tag","embeddable":true,"href":"https:\/\/crucialnuevaepoca.com\/web\/wp-json\/wp\/v2\/tags?post=9073"}],"curies":[{"name":"wp","href":"https:\/\/api.w.org\/{rel}","templated":true}]}}