{"id":9356,"date":"2024-04-12T12:41:39","date_gmt":"2024-04-12T19:41:39","guid":{"rendered":"https:\/\/crucialnuevaepoca.com\/web\/?p=9356"},"modified":"2024-04-12T12:41:39","modified_gmt":"2024-04-12T19:41:39","slug":"se-acabo-la-espera-ya-esta-en-cartelera-un-dia-en-culiacan-filme-con-participacion-de-estudiantes-y-personal-de-la-uas","status":"publish","type":"post","link":"https:\/\/crucialnuevaepoca.com\/web\/2024\/04\/12\/se-acabo-la-espera-ya-esta-en-cartelera-un-dia-en-culiacan-filme-con-participacion-de-estudiantes-y-personal-de-la-uas\/","title":{"rendered":"\u00a1Se acab\u00f3 la espera! Ya est\u00e1 en cartelera \u201cUn d\u00eda en Culiac\u00e1n\u201d, filme con participaci\u00f3n de estudiantes y personal de la UAS"},"content":{"rendered":"\n<p>\u00a1Se acab\u00f3 la espera!, ya se encuentra en cartelera de Cinemex la tan esperada pel\u00edcula: \u201cUn d\u00eda en Culiac\u00e1n\u201d del director Mario Alberto Siordia Mill\u00e1n, filme en el cual participaron estudiantes y personal de la Universidad Aut\u00f3noma de Sinaloa (UAS); teniendo una respuesta favorable por cientos de culiacanenses quienes se dieron cita este mi\u00e9rcoles 11 de abril en las diferentes sucursales de cine, provocando sold out en distintos horarios de la funci\u00f3n.<\/p>\n\n\n\n<p>Previo a la premier de la obra cinematogr\u00e1fica, en atenci\u00f3n a medios de comunicaci\u00f3n, estuvieron presentes Mario Siordia y la productora Dalia Barajas, acompa\u00f1ados por parte del elenco estelar, Lourdes \u201cLul\u00fa\u201d Palazuelos, Francisco \u201cPancho\u201d Estrada, as\u00ed como equipo de fotograf\u00eda, sonido y m\u00fasica; brindando un emotivo mensaje de agradecimiento, realzando que este rodaje, marca el inicio de una historia en la cultura y el arte en el estado.<\/p>\n\n\n\n<p>\u201cEl cien por ciento del equipo t\u00e9cnico por primera vez en Culiac\u00e1n, est\u00e1 conformado meramente por sinaloenses, y tambi\u00e9n la peculiaridad de la pel\u00edcula que hoy vamos a ver es que retrata la cultura sinaloense, el d\u00eda a d\u00eda de nosotros que vivimos en Culiac\u00e1n, con escenarios que son propios\u201d, explic\u00f3.<\/p>\n\n\n\n<p>Siordia expres\u00f3 que pese a las dificultades que surgieron en el transcurso de las grabaciones, tales como no recibir ning\u00fan tipo de apoyo econ\u00f3mico por parte de Gobierno, as\u00ed como la mesura de tocar temas considerados sensibles pol\u00edticamente, fue crucial el reunir al equipo adecuado para lograr tener dicho \u00e9xito, destacando tambi\u00e9n la intervenci\u00f3n de la comunidad universitaria.<\/p>\n\n\n\n<p>\u201cPara m\u00ed fue algo muy especial porque algunos de ellos los tuve de alumnos, hab\u00eda detectado talentos y c\u00f3mo trabajar con ellos, por ese lado fue muy gratificante y trabajar con personal de la UAS como Pablo Carrillo con mucha experiencia, fue una ventaja en un proyecto tan grande que necesitamos gente capacitada; entonces yo pienso que la UAS es un semillero de talentos y hay que aprovechar que tenemos toda esa riqueza\u201d, puntualiz\u00f3.<\/p>\n\n\n\n<p>Finaliz\u00f3 extendiendo la invitaci\u00f3n a la sociedad en general a darse la oportunidad de apoyar este proyecto, al cine mexicano y sobretodo cien por ciento sinaloense.<\/p>\n","protected":false},"excerpt":{"rendered":"<p>\u00a1Se acab\u00f3 la espera!, ya se encuentra en cartelera de Cinemex la tan esperada pel\u00edcula: \u201cUn d\u00eda en Culiac\u00e1n\u201d del director Mario Alberto Siordia Mill\u00e1n, filme en el cual participaron estudiantes y personal de la Universidad Aut\u00f3noma de Sinaloa (UAS); teniendo una respuesta favorable por cientos de culiacanenses quienes se dieron cita este mi\u00e9rcoles 11 [&hellip;]<\/p>\n","protected":false},"author":2,"featured_media":9354,"comment_status":"open","ping_status":"open","sticky":false,"template":"","format":"standard","meta":{"footnotes":""},"categories":[184,93],"tags":[2594,115,473,546],"class_list":["post-9356","post","type-post","status-publish","format-standard","has-post-thumbnail","hentry","category-espectaculos","category-principales","tag-cine","tag-culiacan-2","tag-espectaculos","tag-universidad-autonoma-de-sinaloa"],"aioseo_notices":[],"_links":{"self":[{"href":"https:\/\/crucialnuevaepoca.com\/web\/wp-json\/wp\/v2\/posts\/9356","targetHints":{"allow":["GET"]}}],"collection":[{"href":"https:\/\/crucialnuevaepoca.com\/web\/wp-json\/wp\/v2\/posts"}],"about":[{"href":"https:\/\/crucialnuevaepoca.com\/web\/wp-json\/wp\/v2\/types\/post"}],"author":[{"embeddable":true,"href":"https:\/\/crucialnuevaepoca.com\/web\/wp-json\/wp\/v2\/users\/2"}],"replies":[{"embeddable":true,"href":"https:\/\/crucialnuevaepoca.com\/web\/wp-json\/wp\/v2\/comments?post=9356"}],"version-history":[{"count":1,"href":"https:\/\/crucialnuevaepoca.com\/web\/wp-json\/wp\/v2\/posts\/9356\/revisions"}],"predecessor-version":[{"id":9357,"href":"https:\/\/crucialnuevaepoca.com\/web\/wp-json\/wp\/v2\/posts\/9356\/revisions\/9357"}],"wp:featuredmedia":[{"embeddable":true,"href":"https:\/\/crucialnuevaepoca.com\/web\/wp-json\/wp\/v2\/media\/9354"}],"wp:attachment":[{"href":"https:\/\/crucialnuevaepoca.com\/web\/wp-json\/wp\/v2\/media?parent=9356"}],"wp:term":[{"taxonomy":"category","embeddable":true,"href":"https:\/\/crucialnuevaepoca.com\/web\/wp-json\/wp\/v2\/categories?post=9356"},{"taxonomy":"post_tag","embeddable":true,"href":"https:\/\/crucialnuevaepoca.com\/web\/wp-json\/wp\/v2\/tags?post=9356"}],"curies":[{"name":"wp","href":"https:\/\/api.w.org\/{rel}","templated":true}]}}