{"id":9358,"date":"2024-04-12T14:09:15","date_gmt":"2024-04-12T21:09:15","guid":{"rendered":"https:\/\/crucialnuevaepoca.com\/web\/?p=9358"},"modified":"2024-04-12T14:09:15","modified_gmt":"2024-04-12T21:09:15","slug":"celebra-la-asociacion-de-colegios-de-profesionistas-de-sinaloa-su-45-aniversario","status":"publish","type":"post","link":"https:\/\/crucialnuevaepoca.com\/web\/2024\/04\/12\/celebra-la-asociacion-de-colegios-de-profesionistas-de-sinaloa-su-45-aniversario\/","title":{"rendered":"Celebra la Asociaci\u00f3n de Colegios de Profesionistas de Sinaloa su 45 Aniversario"},"content":{"rendered":"\n<p>La Asociaci\u00f3n de Colegios de Profesionistas de Sinaloa, A.C. est\u00e1 celebrando 45 a\u00f1os de su fundaci\u00f3n, y para festejarlo, realiz\u00f3 un desayuno en el que fueron reconocidos los profesionistas de distintos colegios que han presidido esta Asociaci\u00f3n.<\/p>\n\n\n\n<p><br>Jos\u00e9 \u00c1ngel Rivera Soto, actual presidente de la Asociaci\u00f3n, coment\u00f3 que el prop\u00f3sito de este evento fue para reunir a todos los expresidentes, as\u00ed como hacer una peque\u00f1a rese\u00f1a de todos los logros que ha tenido la Asociaci\u00f3n desde que fue fundada por el Lic. Francisco Xavier Garc\u00eda F\u00e9lix en 1979.<\/p>\n\n\n\n<p><br>\u00abCreo que con la uni\u00f3n de los expresidentes y toda su experiencia junto a nuestra participaci\u00f3n, puede engrandecer a nuestra asociaci\u00f3n, porque buscamos que nuestra asociaci\u00f3n sea parte de los l\u00edderes de opini\u00f3n y ser escuchados, pero tambi\u00e9n con ese mismo liderazgo queremos ser \u00f3rganos de consulta con los tres niveles de gobierno para que la asociaci\u00f3n tenga un peso social realmente importante en Sinaloa\u00bb, puntualiz\u00f3 Rivera Soto.<\/p>\n\n\n\n<p><br>En el evento se les hizo entrega de un reconocimiento y de un pin a todos los expresidentes que estuvieron presentes, as\u00ed como un reconocimiento especial al Lic. Francisco Xavier Garc\u00eda F\u00e9lix por ser el presidente fundador de la Asociaci\u00f3n.<\/p>\n\n\n\n<figure class=\"wp-block-image size-full\"><img fetchpriority=\"high\" decoding=\"async\" width=\"850\" height=\"509\" src=\"http:\/\/crucialnuevaepoca.com\/web\/wp-content\/uploads\/2024\/04\/DSC_0375.jpg\" alt=\"\" class=\"wp-image-9359\" srcset=\"https:\/\/crucialnuevaepoca.com\/web\/wp-content\/uploads\/2024\/04\/DSC_0375.jpg 850w, https:\/\/crucialnuevaepoca.com\/web\/wp-content\/uploads\/2024\/04\/DSC_0375-300x180.jpg 300w, https:\/\/crucialnuevaepoca.com\/web\/wp-content\/uploads\/2024\/04\/DSC_0375-768x460.jpg 768w\" sizes=\"(max-width: 850px) 100vw, 850px\" \/><\/figure>\n","protected":false},"excerpt":{"rendered":"<p>La Asociaci\u00f3n de Colegios de Profesionistas de Sinaloa, A.C. est\u00e1 celebrando 45 a\u00f1os de su fundaci\u00f3n, y para festejarlo, realiz\u00f3 un desayuno en el que fueron reconocidos los profesionistas de distintos colegios que han presidido esta Asociaci\u00f3n. Jos\u00e9 \u00c1ngel Rivera Soto, actual presidente de la Asociaci\u00f3n, coment\u00f3 que el prop\u00f3sito de este evento fue para [&hellip;]<\/p>\n","protected":false},"author":2,"featured_media":9360,"comment_status":"open","ping_status":"open","sticky":false,"template":"","format":"standard","meta":{"footnotes":""},"categories":[103,93],"tags":[589,508,1897,620],"class_list":["post-9358","post","type-post","status-publish","format-standard","has-post-thumbnail","hentry","category-camaras-y-colegios","category-principales","tag-aniversario","tag-asociacion-de-colegios-de-profesionistas-de-sinaloa","tag-jose-angel-rivera-soto","tag-reconocimientos"],"aioseo_notices":[],"_links":{"self":[{"href":"https:\/\/crucialnuevaepoca.com\/web\/wp-json\/wp\/v2\/posts\/9358","targetHints":{"allow":["GET"]}}],"collection":[{"href":"https:\/\/crucialnuevaepoca.com\/web\/wp-json\/wp\/v2\/posts"}],"about":[{"href":"https:\/\/crucialnuevaepoca.com\/web\/wp-json\/wp\/v2\/types\/post"}],"author":[{"embeddable":true,"href":"https:\/\/crucialnuevaepoca.com\/web\/wp-json\/wp\/v2\/users\/2"}],"replies":[{"embeddable":true,"href":"https:\/\/crucialnuevaepoca.com\/web\/wp-json\/wp\/v2\/comments?post=9358"}],"version-history":[{"count":1,"href":"https:\/\/crucialnuevaepoca.com\/web\/wp-json\/wp\/v2\/posts\/9358\/revisions"}],"predecessor-version":[{"id":9361,"href":"https:\/\/crucialnuevaepoca.com\/web\/wp-json\/wp\/v2\/posts\/9358\/revisions\/9361"}],"wp:featuredmedia":[{"embeddable":true,"href":"https:\/\/crucialnuevaepoca.com\/web\/wp-json\/wp\/v2\/media\/9360"}],"wp:attachment":[{"href":"https:\/\/crucialnuevaepoca.com\/web\/wp-json\/wp\/v2\/media?parent=9358"}],"wp:term":[{"taxonomy":"category","embeddable":true,"href":"https:\/\/crucialnuevaepoca.com\/web\/wp-json\/wp\/v2\/categories?post=9358"},{"taxonomy":"post_tag","embeddable":true,"href":"https:\/\/crucialnuevaepoca.com\/web\/wp-json\/wp\/v2\/tags?post=9358"}],"curies":[{"name":"wp","href":"https:\/\/api.w.org\/{rel}","templated":true}]}}