{"id":9362,"date":"2024-04-13T13:30:11","date_gmt":"2024-04-13T20:30:11","guid":{"rendered":"https:\/\/crucialnuevaepoca.com\/web\/?p=9362"},"modified":"2024-04-13T13:30:12","modified_gmt":"2024-04-13T20:30:12","slug":"realiza-ejecutivos-de-ventas-de-culiacan-su-sesion-semanal","status":"publish","type":"post","link":"https:\/\/crucialnuevaepoca.com\/web\/2024\/04\/13\/realiza-ejecutivos-de-ventas-de-culiacan-su-sesion-semanal\/","title":{"rendered":"Realiza Ejecutivos de Ventas de Culiac\u00e1n su sesi\u00f3n semanal"},"content":{"rendered":"\n<p>Ejecutivos de Ventas y Mercadotecnia de Culiac\u00e1n realiz\u00f3 su sesi\u00f3n semanal en la que tuvieron como orador invitado al Arq. Heriberto S\u00e1nchez Luque con el tema \u00abCultura Pro\u00bb, quien con una amena pl\u00e1tica llena de an\u00e9cdotas, habl\u00f3 sobre la importancia de ser un profesional y aspirar a ser y hacer siempre lo mejor en lo que sea que uno haga, y comparti\u00f3 las 6 claves para ser profesionales: Compromiso, Actitud positiva, Simpat\u00eda y cercan\u00eda, Equilibrio, Ser y Parecer y Autoconocimiento.<\/p>\n\n\n\n<p><br>El Lic. Luis Alfonso Meza Espinoza, Presidente de Ejecutivos de Ventas de Culiac\u00e1n, dio el campanazo de inicio y el mensaje de bienvenida a los asistentes, para despu\u00e9s pasar a la toma de protesta de Miriam Sarah\u00ed Velazco Dur\u00e1n como nueva Socia Ejecutiva.<\/p>\n\n\n\n<p><br>El encargado de darle el reconocimiento al orador invitado fue el Sr. Jorge Patricio Navarro Barajas.<\/p>\n","protected":false},"excerpt":{"rendered":"<p>Ejecutivos de Ventas y Mercadotecnia de Culiac\u00e1n realiz\u00f3 su sesi\u00f3n semanal en la que tuvieron como orador invitado al Arq. Heriberto S\u00e1nchez Luque con el tema \u00abCultura Pro\u00bb, quien con una amena pl\u00e1tica llena de an\u00e9cdotas, habl\u00f3 sobre la importancia de ser un profesional y aspirar a ser y hacer siempre lo mejor en lo [&hellip;]<\/p>\n","protected":false},"author":2,"featured_media":9363,"comment_status":"open","ping_status":"open","sticky":false,"template":"","format":"standard","meta":{"footnotes":""},"categories":[103,93],"tags":[613,2026,1846],"class_list":["post-9362","post","type-post","status-publish","format-standard","has-post-thumbnail","hentry","category-camaras-y-colegios","category-principales","tag-ejecutivos-de-ventas-y-mercadotecnia","tag-luis-alfonso-meza-espinoza","tag-sesion-sabatina"],"aioseo_notices":[],"_links":{"self":[{"href":"https:\/\/crucialnuevaepoca.com\/web\/wp-json\/wp\/v2\/posts\/9362","targetHints":{"allow":["GET"]}}],"collection":[{"href":"https:\/\/crucialnuevaepoca.com\/web\/wp-json\/wp\/v2\/posts"}],"about":[{"href":"https:\/\/crucialnuevaepoca.com\/web\/wp-json\/wp\/v2\/types\/post"}],"author":[{"embeddable":true,"href":"https:\/\/crucialnuevaepoca.com\/web\/wp-json\/wp\/v2\/users\/2"}],"replies":[{"embeddable":true,"href":"https:\/\/crucialnuevaepoca.com\/web\/wp-json\/wp\/v2\/comments?post=9362"}],"version-history":[{"count":1,"href":"https:\/\/crucialnuevaepoca.com\/web\/wp-json\/wp\/v2\/posts\/9362\/revisions"}],"predecessor-version":[{"id":9364,"href":"https:\/\/crucialnuevaepoca.com\/web\/wp-json\/wp\/v2\/posts\/9362\/revisions\/9364"}],"wp:featuredmedia":[{"embeddable":true,"href":"https:\/\/crucialnuevaepoca.com\/web\/wp-json\/wp\/v2\/media\/9363"}],"wp:attachment":[{"href":"https:\/\/crucialnuevaepoca.com\/web\/wp-json\/wp\/v2\/media?parent=9362"}],"wp:term":[{"taxonomy":"category","embeddable":true,"href":"https:\/\/crucialnuevaepoca.com\/web\/wp-json\/wp\/v2\/categories?post=9362"},{"taxonomy":"post_tag","embeddable":true,"href":"https:\/\/crucialnuevaepoca.com\/web\/wp-json\/wp\/v2\/tags?post=9362"}],"curies":[{"name":"wp","href":"https:\/\/api.w.org\/{rel}","templated":true}]}}