{"id":9372,"date":"2024-04-16T11:12:20","date_gmt":"2024-04-16T18:12:20","guid":{"rendered":"https:\/\/crucialnuevaepoca.com\/web\/?p=9372"},"modified":"2024-04-16T11:12:21","modified_gmt":"2024-04-16T18:12:21","slug":"las-limitaciones-del-congreso-local-en-temas-internacionales","status":"publish","type":"post","link":"https:\/\/crucialnuevaepoca.com\/web\/2024\/04\/16\/las-limitaciones-del-congreso-local-en-temas-internacionales\/","title":{"rendered":"Las limitaciones del Congreso Local en temas internacionales"},"content":{"rendered":"\n<p>Es de todos sabido que, sin importar de cu\u00e1l legislatura hablemos, siempre existe un reducido grupo de diputados que son los que, como coloquialmente se dice, \u201cjalan la carreta\u201d, mientras la mayor\u00eda pasan su estancia como legisladores sin pena ni gloria.<\/p>\n\n\n\n<p>Por eso es realmente raro ver en tribuna una buena disertaci\u00f3n, y m\u00e1s ahora que entraron varios suplentes, debido a los permisos que solicitaron aquellos legisladores a quienes hoy, los hemos vuelto a ver pero en busca de otro cargo, o m\u00ednimo de su reelecci\u00f3n. Ello ha propiciado quiz\u00e1 que las intervenciones que hemos visto \u00faltimamente en el Congreso local, bien pudiera ser material id\u00f3neo para los famosos memes, pues han sido tan deficientes que hasta pena ajena dan.<\/p>\n\n\n\n<p>Y si esta situaci\u00f3n ya de hecho es muy grave para quienes, por el mismo origen etimol\u00f3gico de lo que es un parlamento, tienen como funci\u00f3n primordial el buen uso de la palabra, la indagaci\u00f3n, el di\u00e1logo y el an\u00e1lisis de los m\u00e1s diversos temas para traducirlos en leyes; igual de lamentable es que adem\u00e1s no sean muy proclives que digamos a la investigaci\u00f3n y la historia.<\/p>\n\n\n\n<p>Por todo ello es que llam\u00f3 poderosamente la atenci\u00f3n que, dada la pr\u00e1ctica de escuchar prioritariamente posicionamientos sobre temas locales y, en el menor de los casos, algunos asuntos de trascendencia nacional; la hoy diputada suplente, Gloria Vanessa Avenda\u00f1o, haya subido a tribuna no s\u00f3lo a exponer lo que est\u00e1 pasando en medio oriente, sino adem\u00e1s solicitar que como Congreso del Estado, se hiciera un atento exhorto al Congreso de la Uni\u00f3n, para que siendo \u00e9ste un poder aut\u00f3nomo y deliberativo, emitiera una postura oficial en respaldo a lo expresado recientemente por la canciller\u00eda mexicana.<\/p>\n\n\n\n<p>Estos temas de geopol\u00edtica, dejan al descubierto las limitaciones de la mayor\u00eda de los legisladores, particularmente sobre ciertos asuntos que como este, bien pueden parecernos lejanos, pero que realmente tienen enorme implicaciones en un mundo interconectado, y con una econom\u00eda tan globalizada como la que hoy vivimos.<\/p>\n\n\n\n<p>Ojal\u00e1 y este exhorto de la diputada Vanessa Avenda\u00f1o, quien suple a la hoy candidata a la alcald\u00eda de Culiac\u00e1n por el PT, Victoria S\u00e1nchez Pe\u00f1a, tenga realmente eco y se emita el exhorto solicitado al Congreso Federal. Una petici\u00f3n pertinente, sobre todo ahora que tras m\u00e1s de casi ocho d\u00e9cadas de hostilidades entre dichos pa\u00edses, la situaci\u00f3n se ha recrudecido a tal grado, que est\u00e1 poniendo en jaque al mundo, dado lo sucedido apenas el pasado fin de semana, cuando Ir\u00e1n cumpli\u00f3 su promesa de atacar Israel. Un ataque que gracias a Dios no caus\u00f3 da\u00f1os significativos, ya que los drones con misiles lanzados desde Teher\u00e1n, fueron interceptados casi en su totalidad por las fuerzas armadas de Jordania, Inglaterra y EU.<\/p>\n\n\n\n<p>Retomo textualmente por considerarlos relevantes, partes sustantivas de la intervenci\u00f3n de la Dip. Avenda\u00f1o, cuando expres\u00f3 que \u201cNos hemos vuelto un mundo con sociedades globalizadamente aisladas, donde el ego\u00edsmo nos ha hecho tan insensibles ante el dolor ajeno, que s\u00f3lo importa aquel que llegamos a sentir en carne propia. Y si esta indiferencia que se alimenta de la amnesia social, la vivimos localmente; \u00bfc\u00f3mo esperar que la solidaridad se haga presente, ante semejante violencia y sufrimiento que atormenta a quienes no hablan nuestro idioma, no profesan nuestra religi\u00f3n, o simplemente no comparten nuestra cultura e ideolog\u00eda?.\u201d<\/p>\n\n\n\n<p>ANUNCIA EL PT A SUS CANDIDATOS.- El d\u00eda de ayer se realiz\u00f3 una conferencia de prensa organizada por el Partido del Trabajo en Sinaloa, donde se hizo el anuncio formal de sus candidatas y candidatos. Lo interesante de dicha convocatoria a los medios, fue que a pesar del desfiguro que hizo casi al final de la misma el candidato al senado, Jes\u00fas Estrada Ferreiro, se sobrepuso el mensaje de unidad que mandaron tanto el dirigente estatal de ese partido en Sinaloa, como quienes hoy bajo esas siglas, aspiran a los diversos puestos de elecci\u00f3n popular, los cuales estar\u00e1n en disputa este pr\u00f3ximo 2 de junio.<\/p>\n\n\n\n<p>Con dicho mensaje de unidad, se busc\u00f3 dar por terminado algunas especulaciones surgidas sobre diferendos internos, particularmente aquella que se gener\u00f3 entre el mismo Estrada, y la diputada con licencia Victoria S\u00e1nchez Pe\u00f1a. Esta \u00faltima hay que reconocerlo, una morenista de cepa y pionera de ese partido en Sinaloa, que hoy abandera los colores del PT, en el entendido de que finalmente es un partido que ha sido un aliado permanente de la Cuarta Transformaci\u00f3n. La gran inc\u00f3gnita es qu\u00e9 trabajo de tierra lograr\u00e1 hacer el PT, ya que en elecciones anteriores, su estrategia de trabajo ha sido casi exclusivamente medi\u00e1tica.<\/p>\n\n\n\n<p><\/p>\n","protected":false},"excerpt":{"rendered":"<p>Es de todos sabido que, sin importar de cu\u00e1l legislatura hablemos, siempre existe un reducido grupo de diputados que son los que, como coloquialmente se dice, \u201cjalan la carreta\u201d, mientras la mayor\u00eda pasan su estancia como legisladores sin pena ni gloria. Por eso es realmente raro ver en tribuna una buena disertaci\u00f3n, y m\u00e1s ahora [&hellip;]<\/p>\n","protected":false},"author":2,"featured_media":1131,"comment_status":"open","ping_status":"open","sticky":false,"template":"","format":"standard","meta":{"footnotes":""},"categories":[97,100,93],"tags":[226,222,221],"class_list":["post-9372","post","type-post","status-publish","format-standard","has-post-thumbnail","hentry","category-columnas","category-gabriel_yanez_perez","category-principales","tag-columna","tag-gabriel-yanez","tag-la-hoguera"],"aioseo_notices":[],"_links":{"self":[{"href":"https:\/\/crucialnuevaepoca.com\/web\/wp-json\/wp\/v2\/posts\/9372","targetHints":{"allow":["GET"]}}],"collection":[{"href":"https:\/\/crucialnuevaepoca.com\/web\/wp-json\/wp\/v2\/posts"}],"about":[{"href":"https:\/\/crucialnuevaepoca.com\/web\/wp-json\/wp\/v2\/types\/post"}],"author":[{"embeddable":true,"href":"https:\/\/crucialnuevaepoca.com\/web\/wp-json\/wp\/v2\/users\/2"}],"replies":[{"embeddable":true,"href":"https:\/\/crucialnuevaepoca.com\/web\/wp-json\/wp\/v2\/comments?post=9372"}],"version-history":[{"count":1,"href":"https:\/\/crucialnuevaepoca.com\/web\/wp-json\/wp\/v2\/posts\/9372\/revisions"}],"predecessor-version":[{"id":9373,"href":"https:\/\/crucialnuevaepoca.com\/web\/wp-json\/wp\/v2\/posts\/9372\/revisions\/9373"}],"wp:featuredmedia":[{"embeddable":true,"href":"https:\/\/crucialnuevaepoca.com\/web\/wp-json\/wp\/v2\/media\/1131"}],"wp:attachment":[{"href":"https:\/\/crucialnuevaepoca.com\/web\/wp-json\/wp\/v2\/media?parent=9372"}],"wp:term":[{"taxonomy":"category","embeddable":true,"href":"https:\/\/crucialnuevaepoca.com\/web\/wp-json\/wp\/v2\/categories?post=9372"},{"taxonomy":"post_tag","embeddable":true,"href":"https:\/\/crucialnuevaepoca.com\/web\/wp-json\/wp\/v2\/tags?post=9372"}],"curies":[{"name":"wp","href":"https:\/\/api.w.org\/{rel}","templated":true}]}}