{"id":9374,"date":"2024-04-16T11:18:34","date_gmt":"2024-04-16T18:18:34","guid":{"rendered":"https:\/\/crucialnuevaepoca.com\/web\/?p=9374"},"modified":"2024-04-16T11:18:35","modified_gmt":"2024-04-16T18:18:35","slug":"alcalde-y-sspytm-seran-reconocidos-por-programa-centro-seguro","status":"publish","type":"post","link":"https:\/\/crucialnuevaepoca.com\/web\/2024\/04\/16\/alcalde-y-sspytm-seran-reconocidos-por-programa-centro-seguro\/","title":{"rendered":"Alcalde y SSPyTM ser\u00e1n reconocidos por programa \u201cCentro Seguro\u201d"},"content":{"rendered":"\n<p>El alcalde de Culiac\u00e1n Ernesto Pe\u00f1uelas Castellanos y la Secretaria de Seguridad P\u00fablica y Tr\u00e1nsito Municipal, ser\u00e1n reconocidos por el Frente Ciudadano Primero \u201cCuliac\u00e1n\u201d, por el programa y los resultados positivos del dispositivo \u201cCentro Seguro\u201d, inform\u00f3 \u00d3scar S\u00e1nchez Beltr\u00e1n.<\/p>\n\n\n\n<p>El presidente de la Uni\u00f3n de Comerciantes de Culiac\u00e1n UCC y uno de los coordinadores del Frente, explic\u00f3 que se tuvieron logros hist\u00f3ricos en materia de prevenci\u00f3n de delitos relevantes en coraz\u00f3n comercial de la capital durante el primer trimestre del 2024.<\/p>\n\n\n\n<p>Precis\u00f3 que de acuerdo a las cifras de esta organizaci\u00f3n, se tuvieron cero delitos denunciados como el asalto violento a local abierto al p\u00fablico, allanamiento y robo a local cerrado de noche y asalto violento a transe\u00fante.<\/p>\n\n\n\n<p>Tambi\u00e9n hubo una disminuci\u00f3n dram\u00e1tica en los delitos simples, argument\u00f3, como el robo hormiga de mercanc\u00eda, la estafa y robo a la infraestructura de negocios.<br>\u201cPasamos de de tener una incidencia diaria de ocho a un delito diario en este rubro\u201d, precis\u00f3.<\/p>\n\n\n\n<p>S\u00e1nchez Beltr\u00e1n coment\u00f3 que esto fue posible a la coordinaci\u00f3n del sector comercial con la SSPyTM, a trav\u00e9s de la implementaci\u00f3n de la denuncia mediante la estrategia \u201cAtenci\u00f3n Efectiva, Red Segura\u201d, usando la red social wasap.<\/p>\n\n\n\n<p>\u201cEsto permiti\u00f3 denunciar y ser atendidos en tiempo real diversas circunstancias que podr\u00edan constituir un delito contra las actividades comerciales\u201d, sostuvo.<br>El l\u00edder de los comerciantes aclar\u00f3 que estas cifras \u00fanicamente pertenecen al primer cuadro comercial de Culiac\u00e1n y se enmarcan durante el primer trimestre de este a\u00f1o.<\/p>\n\n\n\n<p>\u201cLas diferentes organizaciones del centro hist\u00f3rico hemos coincidido que si mantuvimos la cr\u00edtica de malos resultados el a\u00f1o pasado, ahora nos toca reconocer los buenos logros promovidos por estos dos funcionarios\u201d, apunt\u00f3.<\/p>\n\n\n\n<p>Otros de los logros que se pueden destacar son la detenci\u00f3n de al menos 5 ladrones seriales que ten\u00edan en jaque al sector comercial, abund\u00f3.<\/p>\n\n\n\n<p>Este reconocimiento, dijo, ser\u00e1 este viernes 19 de abril en el centro de la ciudad.<\/p>\n","protected":false},"excerpt":{"rendered":"<p>El alcalde de Culiac\u00e1n Ernesto Pe\u00f1uelas Castellanos y la Secretaria de Seguridad P\u00fablica y Tr\u00e1nsito Municipal, ser\u00e1n reconocidos por el Frente Ciudadano Primero \u201cCuliac\u00e1n\u201d, por el programa y los resultados positivos del dispositivo \u201cCentro Seguro\u201d, inform\u00f3 \u00d3scar S\u00e1nchez Beltr\u00e1n. El presidente de la Uni\u00f3n de Comerciantes de Culiac\u00e1n UCC y uno de los coordinadores del [&hellip;]<\/p>\n","protected":false},"author":2,"featured_media":9375,"comment_status":"open","ping_status":"open","sticky":false,"template":"","format":"standard","meta":{"footnotes":""},"categories":[27,93],"tags":[2597,115,2540,1155,2435],"class_list":["post-9374","post","type-post","status-publish","format-standard","has-post-thumbnail","hentry","category-local","category-principales","tag-centro-seguro","tag-culiacan-2","tag-jose-ernesto-penuelas-soto","tag-sspytm","tag-union-de-comerciantes-de-culiacan"],"aioseo_notices":[],"_links":{"self":[{"href":"https:\/\/crucialnuevaepoca.com\/web\/wp-json\/wp\/v2\/posts\/9374","targetHints":{"allow":["GET"]}}],"collection":[{"href":"https:\/\/crucialnuevaepoca.com\/web\/wp-json\/wp\/v2\/posts"}],"about":[{"href":"https:\/\/crucialnuevaepoca.com\/web\/wp-json\/wp\/v2\/types\/post"}],"author":[{"embeddable":true,"href":"https:\/\/crucialnuevaepoca.com\/web\/wp-json\/wp\/v2\/users\/2"}],"replies":[{"embeddable":true,"href":"https:\/\/crucialnuevaepoca.com\/web\/wp-json\/wp\/v2\/comments?post=9374"}],"version-history":[{"count":1,"href":"https:\/\/crucialnuevaepoca.com\/web\/wp-json\/wp\/v2\/posts\/9374\/revisions"}],"predecessor-version":[{"id":9376,"href":"https:\/\/crucialnuevaepoca.com\/web\/wp-json\/wp\/v2\/posts\/9374\/revisions\/9376"}],"wp:featuredmedia":[{"embeddable":true,"href":"https:\/\/crucialnuevaepoca.com\/web\/wp-json\/wp\/v2\/media\/9375"}],"wp:attachment":[{"href":"https:\/\/crucialnuevaepoca.com\/web\/wp-json\/wp\/v2\/media?parent=9374"}],"wp:term":[{"taxonomy":"category","embeddable":true,"href":"https:\/\/crucialnuevaepoca.com\/web\/wp-json\/wp\/v2\/categories?post=9374"},{"taxonomy":"post_tag","embeddable":true,"href":"https:\/\/crucialnuevaepoca.com\/web\/wp-json\/wp\/v2\/tags?post=9374"}],"curies":[{"name":"wp","href":"https:\/\/api.w.org\/{rel}","templated":true}]}}