{"id":9383,"date":"2024-04-22T10:58:56","date_gmt":"2024-04-22T17:58:56","guid":{"rendered":"https:\/\/crucialnuevaepoca.com\/web\/?p=9383"},"modified":"2024-04-22T10:58:57","modified_gmt":"2024-04-22T17:58:57","slug":"no-al-robo-de-las-afores","status":"publish","type":"post","link":"https:\/\/crucialnuevaepoca.com\/web\/2024\/04\/22\/no-al-robo-de-las-afores\/","title":{"rendered":"No al robo de las afores"},"content":{"rendered":"\n<p>No es la primera vez que el actual gobierno federal trata de apoderarse de dinero de los mexicanos con el pretexto de que se encuentra \u201cinactivo\u201d en alguna cuenta financiera. La creaci\u00f3n del supuesto \u201cFondo de Pensiones para el Bienestar\u201d es el segundo intento del tipo: en octubre del 2022 en la C\u00e1mara de Diputados aprobaron modificar el art\u00edculo 61 de la Ley de Instituciones de Cr\u00e9dito (LIC) para carrancearse las cuentas de ahorro inactivas, y ahora con la iniciativa presentada el 4 de abril sobre el Fondo de Pensiones, quieren apropiarse de los recursos de la gente concentrados en las Afores y el Infonavit.<\/p>\n\n\n\n<p>En el caso de las cuentas de ahorro bancarias, hay que recordar que la reforma aprobada en la C\u00e1mara de Diputados venturosamente se congel\u00f3 en el Senado de la Rep\u00fablica, pues pretend\u00edan adue\u00f1arse de dinero ajeno, propiedad de los ahorradores. El art\u00edculo 61 de la Ley de Instituciones de Cr\u00e9dito sigue vigente, inc\u00f3lume y en resumen manda a una cuenta concentradora (del propio banco) los recursos que en un lapso de seis a\u00f1os se encuentren inactivos en alguna cuenta de cheques (llamadas gen\u00e9ricamente en la Ley \u201cinstrumentos de captaci\u00f3n\u201d).<\/p>\n\n\n\n<p>Lo que pretend\u00eda el gobierno de la 4T era que una vez cumplidos los seis a\u00f1os de resguardo obligatorio, ese dinero se fuera como \u201crecurso extraodinario\u201d a las manos (ineficientes) del gobierno federal para seg\u00fan \u201cfinanciar labores de seguridad\u201d, que se repartir\u00edan en un 45% para la Federaci\u00f3n, 30% para los estados y 25% para los municipios, pero dejando en total indefenci\u00f3n a los mexicanos que optaran alg\u00fan d\u00eda por reclamar sus ahorros.<\/p>\n\n\n\n<p>En su momento los propios senadores reconocieron que la iniciativa no transit\u00f3 en la C\u00e1mara Alta debido al cabildeo de la Asociaci\u00f3n de Bancos de Mexico, cuyos integrantes les hicieron ver \u201calgunos riesgos de inestabilidad y credibilidad\u201d. Incluso a finales de ese a\u00f1o 2022, el mismo presidente AMLO ya s\u00f3lo planteaba que se viera la posibilidad de destinar esos recursos a programas sociales. Un ejemplo m\u00e1s de que el poder econ\u00f3mico y el poder pol\u00edtico siguen siendo un binomio muy vinculado y estrecho, muy lejos de la falsa promesa de Morena.<\/p>\n\n\n\n<p>Ahora con la iniciativa legal de los diputados de Morena del pasado 4 de abril y la constitucional enviada por el presidente el 5 de febrero, con sus matices pero similares en el fondo, se pretende crear el Fondo de Pensiones para el Bienestar que tendr\u00eda como objetivo complementar las pensiones de aquellos trabajadores cuyo monto de jubilaci\u00f3n sea menor o igual a 16,361 pesos.<\/p>\n\n\n\n<p>Aqu\u00ed el fondo del asunto es el enga\u00f1o al pueblo de M\u00e9xico, pues este gobierno ya ha malgastado todos los ahorros y fideicomisos que hab\u00eda en el erario, y aparte se ha endeudado en el equivalente a cuatro fobaproas, no habiendo ya recursos disponibles para financiar esta nueva mentira de Morena.<\/p>\n\n\n\n<p>De acuerdo a la iniciativa, entre las fuentes de financiamiento de dicho Fondo destacan los recursos ahorrados por algunos trabajadores a lo largo de su trayectoria laboral -tanto en el sector privado formal como en el sector p\u00fablico- y que son gestionados por las Afores y el Instituto Nacional de la Vivienda para los Trabajadores (Infonavit).<\/p>\n\n\n\n<p>Para el caso de los trabajdores que cotizan en el IMSS, se establece que tanto las Afores como el Infonavit deber\u00e1n transferir al Fondo los recursos disponibles en la subcuenta de retiro, cesant\u00eda en edad avanzada y vejez, as\u00ed como en la subcuenta de vivienda, al momento en que los trabajadores alcancen la edad de 70 a\u00f1os, siempre y cuando no tengan una relaci\u00f3n laboral activa.<\/p>\n\n\n\n<p>Y en el caso de los afiliados al ISSSTE, la transferencia de los recursos de la cuenta individual del seguro de retiro, cesant\u00eda en edad avanzada y vejez, y de la subcuenta de vivienda, se realizar\u00e1 una vez que dichos empleados cumplan 75 a\u00f1os y no mantenan una relaci\u00f3n laboral. Robarles con la ley en la mano.<\/p>\n\n\n\n<p>Pero adem\u00e1s, y este es el colmo del enga\u00f1o, se prev\u00e9 que el Fondo tambi\u00e9n se financie de \u201cfuentes\u201d que no son tales, como las siguientes:<\/p>\n\n\n\n<p>25% de las utilidades de las empresas p\u00fablicas manejadas por el Ej\u00e9rcito y la Marina, como el Tren Falla (Maya), Mexicana de Aviaci\u00f3n y el AIFA. \u00bfCu\u00e1les utilidades?, al contrario estos elefantes blancos operan con p\u00e9rdidas y requieren subsidio para operar.<\/p>\n\n\n\n<p>75% de los ingresos del Instituto Para Devolverle al Pueblo lo Robado. Una burla, ha sido un nido de corrupci\u00f3n, por eso renunci\u00f3n su director fundador, el jurista Jaime C\u00e1rdenas Gracia.<\/p>\n\n\n\n<p>Los recursos por la liquidaci\u00f3n de la Financiera Rural, dinero que es incierto y en su caso no ser\u00e1 una fuente recurrente.<\/p>\n\n\n\n<p>Morena ha sido un desastre y una decepci\u00f3n. Un gobierno in\u00fatil para llevar a cabo la transformaci\u00f3n que prometi\u00f3. Y como corolario a su mal gobierno, est\u00e1n intentando por segunda ocasi\u00f3n apropiarse del dinero que no es suyo sino de los mexicanos, producto de su trabajo y esfuerzo. Por eso, votemos masivamente este 2 de junio para enderezar el rumbo de M\u00e9xico. Recuerden la m\u00e1xima electoral \u201ca urnas llenas, cambio seguro\u201d.<\/p>\n\n\n\n<p>Excelente inicio de semana.<\/p>\n","protected":false},"excerpt":{"rendered":"<p>No es la primera vez que el actual gobierno federal trata de apoderarse de dinero de los mexicanos con el pretexto de que se encuentra \u201cinactivo\u201d en alguna cuenta financiera. La creaci\u00f3n del supuesto \u201cFondo de Pensiones para el Bienestar\u201d es el segundo intento del tipo: en octubre del 2022 en la C\u00e1mara de Diputados [&hellip;]<\/p>\n","protected":false},"author":2,"featured_media":1129,"comment_status":"open","ping_status":"open","sticky":false,"template":"","format":"standard","meta":{"footnotes":""},"categories":[97,223,93],"tags":[226,263,264],"class_list":["post-9383","post","type-post","status-publish","format-standard","has-post-thumbnail","hentry","category-columnas","category-melesio-cuen-ojeda","category-principales","tag-columna","tag-hector-melesio-cuen-ojeda","tag-microscopio-social"],"aioseo_notices":[],"_links":{"self":[{"href":"https:\/\/crucialnuevaepoca.com\/web\/wp-json\/wp\/v2\/posts\/9383","targetHints":{"allow":["GET"]}}],"collection":[{"href":"https:\/\/crucialnuevaepoca.com\/web\/wp-json\/wp\/v2\/posts"}],"about":[{"href":"https:\/\/crucialnuevaepoca.com\/web\/wp-json\/wp\/v2\/types\/post"}],"author":[{"embeddable":true,"href":"https:\/\/crucialnuevaepoca.com\/web\/wp-json\/wp\/v2\/users\/2"}],"replies":[{"embeddable":true,"href":"https:\/\/crucialnuevaepoca.com\/web\/wp-json\/wp\/v2\/comments?post=9383"}],"version-history":[{"count":1,"href":"https:\/\/crucialnuevaepoca.com\/web\/wp-json\/wp\/v2\/posts\/9383\/revisions"}],"predecessor-version":[{"id":9384,"href":"https:\/\/crucialnuevaepoca.com\/web\/wp-json\/wp\/v2\/posts\/9383\/revisions\/9384"}],"wp:featuredmedia":[{"embeddable":true,"href":"https:\/\/crucialnuevaepoca.com\/web\/wp-json\/wp\/v2\/media\/1129"}],"wp:attachment":[{"href":"https:\/\/crucialnuevaepoca.com\/web\/wp-json\/wp\/v2\/media?parent=9383"}],"wp:term":[{"taxonomy":"category","embeddable":true,"href":"https:\/\/crucialnuevaepoca.com\/web\/wp-json\/wp\/v2\/categories?post=9383"},{"taxonomy":"post_tag","embeddable":true,"href":"https:\/\/crucialnuevaepoca.com\/web\/wp-json\/wp\/v2\/tags?post=9383"}],"curies":[{"name":"wp","href":"https:\/\/api.w.org\/{rel}","templated":true}]}}