{"id":9388,"date":"2024-04-22T16:27:25","date_gmt":"2024-04-22T23:27:25","guid":{"rendered":"https:\/\/crucialnuevaepoca.com\/web\/?p=9388"},"modified":"2024-04-22T16:27:26","modified_gmt":"2024-04-22T23:27:26","slug":"en-el-marco-de-su-151-aniversario-y-con-226-eventos-gratuitos-la-uas-anuncia-el-xxix-festival-internacional-universitario-de-la-cultura-2024","status":"publish","type":"post","link":"https:\/\/crucialnuevaepoca.com\/web\/2024\/04\/22\/en-el-marco-de-su-151-aniversario-y-con-226-eventos-gratuitos-la-uas-anuncia-el-xxix-festival-internacional-universitario-de-la-cultura-2024\/","title":{"rendered":"En el marco de su 151 aniversario y con 226 eventos gratuitos, la UAS anuncia el XXIX Festival Internacional Universitario de la Cultura 2024"},"content":{"rendered":"\n<p>Para celebrar el 151 aniversario de su fundaci\u00f3n, la Universidad Aut\u00f3noma de Sinaloa (UAS) anunci\u00f3 la realizaci\u00f3n del XXIX Festival Internacional Universitario de la Cultura (FIUC) 2024, del 5 al 12 de mayo con 226 eventos art\u00edsticos y culturales totalmente gratuitos a realizarse en los 20 municipios del estado.<\/p>\n\n\n\n<p>El Secretario General de la instituci\u00f3n, doctor Candelario Ortiz Bueno, indic\u00f3 que a un a\u00f1o de los embates contra la Universidad sus labores sustantivas no se han suspendido y este festival es muestra de ello, con esta tarea se promueve la cultura y el arte y se llevan a todos los rincones del estado.<\/p>\n\n\n\n<p>\u201cCon estos eventos se ve materializado el rescate y difusi\u00f3n de las tradiciones, la cultura y el arte por eso invitamos a la comunidad universitaria y al pueblo de Sinaloa a disfrutar de este magn\u00edfico programa que tiene para ustedes nuestra Universidad haciendo un esfuerzo extraordinario para cumplir con este objetivo\u201d, expres\u00f3.<\/p>\n\n\n\n<p>Detall\u00f3 que en esta edici\u00f3n se tendr\u00e1n. 226 eventos entre ellos conciertos, espect\u00e1culos de danza, jornadas culturales y presentaciones de libros entre muchas otras actividades con la participaci\u00f3n de artistas universitarios, artistas locales y la colaboraci\u00f3n de artistas e instituciones educativas y culturales de 10 estados y 10 pa\u00edses que apoyar\u00e1n este Festival.<\/p>\n\n\n\n<p>El Coordinador General de Extensi\u00f3n de la Cultura, maestro Homar Medina Barreda, expres\u00f3 que la Universidad hace un gran esfuerzo en esta edici\u00f3n del festival y lo hace con mucho gusto y con la colaboraci\u00f3n de instituciones locales, nacionales e internacionales donde el 85 por ciento de los artistas son alumnos que se est\u00e1n formando en la UAS, as\u00ed como profesores de las \u00e1reas de artes y cultura universitaria.<\/p>\n\n\n\n<p>Agradeci\u00f3 el apoyo al rector titular y al encargado del despacho de Rector\u00eda por el apoyo de las 226 actividades entre las que destacan 88 conciertos, 47 espect\u00e1culos de danza, 17 jornadas culturales en comunidades alejadas, 23 exposiciones de arte,15 presentaciones de libros y cuentacuentos, talleres y mesas redondas, cursos, muestra gastron\u00f3mica, por citar algunas.<\/p>\n\n\n\n<p>Habr\u00e1 eventos de car\u00e1cter internacional con artistas de pa\u00edses como Argentina, Brasil, Espa\u00f1a, Per\u00fa, Colombia, Portugal, India, USA, Chile, Hungr\u00eda y M\u00e9xico y el apoyo de las instituciones como Banda El Recodo de Don Cruz Liz\u00e1rraga, el Instituto Sinaloense de Cultura, el Instituto Municipal de Cultura Culiac\u00e1n, Universidad Pedag\u00f3gica del Estado de Sinaloa, Universidad Aut\u00f3noma de Occidente, Instituto Tecnol\u00f3gico de Sonora, ANUIES, FONCA, entre otros.<\/p>\n\n\n\n<p>En el evento inaugural se abrir\u00e1 con el Concierto del Mariachi Estrella de M\u00e9xico, el m\u00e1s importante del mundo y se presentar\u00e1 la mezzosoprano Oralia Castro; se estima llegar a 50 mil personas de manera presencial y 39 mil de manera virtual.<\/p>\n\n\n\n<p>Para conocer la programaci\u00f3n de los eventos, se puede consultar la cartelera en la p\u00e1gina <a href=\"http:\/\/www.fiuc.mx\" target=\"_blank\" rel=\"noopener\" title=\"\">www.fiuc.mx<\/a>.<\/p>\n\n\n\n<p><\/p>\n","protected":false},"excerpt":{"rendered":"<p>Para celebrar el 151 aniversario de su fundaci\u00f3n, la Universidad Aut\u00f3noma de Sinaloa (UAS) anunci\u00f3 la realizaci\u00f3n del XXIX Festival Internacional Universitario de la Cultura (FIUC) 2024, del 5 al 12 de mayo con 226 eventos art\u00edsticos y culturales totalmente gratuitos a realizarse en los 20 municipios del estado. El Secretario General de la instituci\u00f3n, [&hellip;]<\/p>\n","protected":false},"author":2,"featured_media":9389,"comment_status":"open","ping_status":"open","sticky":false,"template":"","format":"standard","meta":{"footnotes":""},"categories":[210,93],"tags":[791,40,13,546],"class_list":["post-9388","post","type-post","status-publish","format-standard","has-post-thumbnail","hentry","category-cultura","category-principales","tag-festival-internacional-universitario-de-la-cultura","tag-sinaloa","tag-uas","tag-universidad-autonoma-de-sinaloa"],"aioseo_notices":[],"_links":{"self":[{"href":"https:\/\/crucialnuevaepoca.com\/web\/wp-json\/wp\/v2\/posts\/9388","targetHints":{"allow":["GET"]}}],"collection":[{"href":"https:\/\/crucialnuevaepoca.com\/web\/wp-json\/wp\/v2\/posts"}],"about":[{"href":"https:\/\/crucialnuevaepoca.com\/web\/wp-json\/wp\/v2\/types\/post"}],"author":[{"embeddable":true,"href":"https:\/\/crucialnuevaepoca.com\/web\/wp-json\/wp\/v2\/users\/2"}],"replies":[{"embeddable":true,"href":"https:\/\/crucialnuevaepoca.com\/web\/wp-json\/wp\/v2\/comments?post=9388"}],"version-history":[{"count":1,"href":"https:\/\/crucialnuevaepoca.com\/web\/wp-json\/wp\/v2\/posts\/9388\/revisions"}],"predecessor-version":[{"id":9390,"href":"https:\/\/crucialnuevaepoca.com\/web\/wp-json\/wp\/v2\/posts\/9388\/revisions\/9390"}],"wp:featuredmedia":[{"embeddable":true,"href":"https:\/\/crucialnuevaepoca.com\/web\/wp-json\/wp\/v2\/media\/9389"}],"wp:attachment":[{"href":"https:\/\/crucialnuevaepoca.com\/web\/wp-json\/wp\/v2\/media?parent=9388"}],"wp:term":[{"taxonomy":"category","embeddable":true,"href":"https:\/\/crucialnuevaepoca.com\/web\/wp-json\/wp\/v2\/categories?post=9388"},{"taxonomy":"post_tag","embeddable":true,"href":"https:\/\/crucialnuevaepoca.com\/web\/wp-json\/wp\/v2\/tags?post=9388"}],"curies":[{"name":"wp","href":"https:\/\/api.w.org\/{rel}","templated":true}]}}