{"id":9401,"date":"2024-04-24T12:42:02","date_gmt":"2024-04-24T19:42:02","guid":{"rendered":"https:\/\/crucialnuevaepoca.com\/web\/?p=9401"},"modified":"2024-04-24T12:42:03","modified_gmt":"2024-04-24T19:42:03","slug":"reformas-a-ley-de-amparo-seran-echadas-abajo-ante-scjn-adecem","status":"publish","type":"post","link":"https:\/\/crucialnuevaepoca.com\/web\/2024\/04\/24\/reformas-a-ley-de-amparo-seran-echadas-abajo-ante-scjn-adecem\/","title":{"rendered":"Reformas a Ley de Amparo ser\u00e1n echadas abajo ante SCJN: ADECEM"},"content":{"rendered":"\n<p>Es un hecho que los partidos de oposici\u00f3n impugnar\u00e1n las reformas a la Ley de Amparo, que dejan en la indefensi\u00f3n a los gobernados, y seguramente la Suprema Corte de Justicia de la Naci\u00f3n las dejar\u00e1 sin efectos, asegur\u00f3 Julio C\u00e9sar Silvas Inzunza.<\/p>\n\n\n\n<p>El presidente de la Alianza para el Desarrollo y Competitividad de las Empresas (ADECEM), lament\u00f3 que a pesar de que se sabe que esto pasar\u00e1, se tengan que estar discutiendo, pues no tiene sentido hacerlo.<\/p>\n\n\n\n<p>Pareciera, expuso, que lo que se busca con estas reformas es que los ciudadanos ya no puedan defenderse de las autoridades cuando \u00e9stas violen sus derechos, pues la salida que dejan es que cuando finalmente se resuelva si procede o no un amparo, la violaci\u00f3n de los derechos ciudadanos ya se haya consumado.<\/p>\n\n\n\n<p>Si bien se deja la posibilidad de defenderse, ello implica iniciar un nuevo juicio despu\u00e9s que se consum\u00f3 la violaci\u00f3n de los derechos ciudadanos, lo cual es m\u00e1s problem\u00e1tico, observ\u00f3.<\/p>\n\n\n\n<p>Tambi\u00e9n lament\u00f3 que en las reformas se\u00f1aladas se eliminen los amparos colectivos y s\u00f3lo se acepten amparos individuales.<\/p>\n\n\n\n<p>Esto es lamentable, precis\u00f3, porque si hay muchos ciudadanos afectados por una acci\u00f3n o una pol\u00edtica p\u00fablica de una autoridad, ya no podr\u00e1n unirse para defenderse a trav\u00e9s del amparo, pues se les obligar\u00e1 a hacerlo en lo individual, con los costos que ello conlleva para cada persona.<\/p>\n\n\n\n<p>Por cierto, expuso, hay muchas personas que no tienen dinero para pagar un abogado para defenderse.<\/p>\n\n\n\n<p>Julio C\u00e9sar Silvas se dirigi\u00f3 tanto a diputados federales como a senadores, quienes tienen en sus manos la responsabilidad de rechazar o aprobar dichas reformas.<\/p>\n\n\n\n<p>Lo que deben hacer, les dijo, es trabajar para fortalecer el Estado de Derecho, no para debilitarlo.<\/p>\n\n\n\n<p><\/p>\n","protected":false},"excerpt":{"rendered":"<p>Es un hecho que los partidos de oposici\u00f3n impugnar\u00e1n las reformas a la Ley de Amparo, que dejan en la indefensi\u00f3n a los gobernados, y seguramente la Suprema Corte de Justicia de la Naci\u00f3n las dejar\u00e1 sin efectos, asegur\u00f3 Julio C\u00e9sar Silvas Inzunza. El presidente de la Alianza para el Desarrollo y Competitividad de las [&hellip;]<\/p>\n","protected":false},"author":2,"featured_media":9402,"comment_status":"open","ping_status":"open","sticky":false,"template":"","format":"standard","meta":{"footnotes":""},"categories":[103,93],"tags":[1763,2603,793],"class_list":["post-9401","post","type-post","status-publish","format-standard","has-post-thumbnail","hentry","category-camaras-y-colegios","category-principales","tag-adecem","tag-ley-de-amparo","tag-scjn"],"aioseo_notices":[],"_links":{"self":[{"href":"https:\/\/crucialnuevaepoca.com\/web\/wp-json\/wp\/v2\/posts\/9401","targetHints":{"allow":["GET"]}}],"collection":[{"href":"https:\/\/crucialnuevaepoca.com\/web\/wp-json\/wp\/v2\/posts"}],"about":[{"href":"https:\/\/crucialnuevaepoca.com\/web\/wp-json\/wp\/v2\/types\/post"}],"author":[{"embeddable":true,"href":"https:\/\/crucialnuevaepoca.com\/web\/wp-json\/wp\/v2\/users\/2"}],"replies":[{"embeddable":true,"href":"https:\/\/crucialnuevaepoca.com\/web\/wp-json\/wp\/v2\/comments?post=9401"}],"version-history":[{"count":1,"href":"https:\/\/crucialnuevaepoca.com\/web\/wp-json\/wp\/v2\/posts\/9401\/revisions"}],"predecessor-version":[{"id":9403,"href":"https:\/\/crucialnuevaepoca.com\/web\/wp-json\/wp\/v2\/posts\/9401\/revisions\/9403"}],"wp:featuredmedia":[{"embeddable":true,"href":"https:\/\/crucialnuevaepoca.com\/web\/wp-json\/wp\/v2\/media\/9402"}],"wp:attachment":[{"href":"https:\/\/crucialnuevaepoca.com\/web\/wp-json\/wp\/v2\/media?parent=9401"}],"wp:term":[{"taxonomy":"category","embeddable":true,"href":"https:\/\/crucialnuevaepoca.com\/web\/wp-json\/wp\/v2\/categories?post=9401"},{"taxonomy":"post_tag","embeddable":true,"href":"https:\/\/crucialnuevaepoca.com\/web\/wp-json\/wp\/v2\/tags?post=9401"}],"curies":[{"name":"wp","href":"https:\/\/api.w.org\/{rel}","templated":true}]}}