{"id":9404,"date":"2024-04-24T14:00:56","date_gmt":"2024-04-24T21:00:56","guid":{"rendered":"https:\/\/crucialnuevaepoca.com\/web\/?p=9404"},"modified":"2024-04-24T14:00:56","modified_gmt":"2024-04-24T21:00:56","slug":"asume-la-presidencia-de-coparmex-sinaloa-la-empresaria-martha-elena-reyes-zazueta","status":"publish","type":"post","link":"https:\/\/crucialnuevaepoca.com\/web\/2024\/04\/24\/asume-la-presidencia-de-coparmex-sinaloa-la-empresaria-martha-elena-reyes-zazueta\/","title":{"rendered":"Asume la presidencia de COPARMEX Sinaloa la empresaria Martha Elena Reyes Zazueta"},"content":{"rendered":"\n<p>Acompa\u00f1ada por los miembros del Consejo Directivo, la empresaria Martha Elena Reyes Zazueta tom\u00f3 \u00abcompromiso\u00bb como presidenta de la COPARMEX Sinaloa para el periodo 2024-2026.<\/p>\n\n\n\n<p>El acto protocolario estuvo encabezado por el presidente nacional de COPARMEX, Jos\u00e9 Medina Mora Icaza, quien fue el encargado de tomarle protesta al nuevo Consejo Directivo.<\/p>\n\n\n\n<p>\u00abBusqu\u00e9 las maneras de decir que \u00abNo\u00bb, pero al acordarme todo el esfuerzo que han hecho las mujeres, el decir que No era decirle No a las otras mujeres que no pueden, era decirle que No a mi hija, y era decirle que No a las otras representantes de las C\u00e1maras, entonces acepto con honor esta presidencia\u00bb fueron las primeras palabras de Martha Elena Reyes Zazueta como presidenta de COPARMEX Sinaloa.<\/p>\n\n\n\n<figure class=\"wp-block-image size-full\"><img fetchpriority=\"high\" decoding=\"async\" width=\"850\" height=\"589\" src=\"http:\/\/crucialnuevaepoca.com\/web\/wp-content\/uploads\/2024\/04\/DSC_0084-min.jpg\" alt=\"\" class=\"wp-image-9406\" srcset=\"https:\/\/crucialnuevaepoca.com\/web\/wp-content\/uploads\/2024\/04\/DSC_0084-min.jpg 850w, https:\/\/crucialnuevaepoca.com\/web\/wp-content\/uploads\/2024\/04\/DSC_0084-min-300x208.jpg 300w, https:\/\/crucialnuevaepoca.com\/web\/wp-content\/uploads\/2024\/04\/DSC_0084-min-768x532.jpg 768w\" sizes=\"(max-width: 850px) 100vw, 850px\" \/><\/figure>\n\n\n\n<p>\u00abComo presidenta del Consejo Directivo me siento plenamente confiada porque este grupo que aqu\u00ed me acompa\u00f1a ahora, est\u00e1 integrado por prestigiados empresarios y profesionistas con una gran convicci\u00f3n humanista que me ayudar\u00e1 en esta importante labor de consolidaci\u00f3n de nuestro organismo\u00bb, manifest\u00f3 Reyes Zazueta.<\/p>\n\n\n\n<p>En este evento estuvieron presentes el presidente nacional de COPARMEX, Jos\u00e9 Medina Mora Icaza; el Subsecretario de Fomento Econ\u00f3mico de Sinaloa, Ahuizotl L\u00f3pez Apodaca; Guillermo Gast\u00e9lum Bon Bustamante, presidente saliente; la Secretaria de Desarrollo Econ\u00f3mico de Culiac\u00e1n, Janet Tostado Noriega; el presidente de la Federaci\u00f3n Pac\u00edfico de COPARMEX, Luis Enrique Pun Hung; tambi\u00e9n los presidentes de las C\u00e1maras miembros de la Intecamaral de Culiac\u00e1n, (Ejecutivos de Ventas y Mercadotecnia, CANACO, CMIC, CANIRAC e Intercamaral Juvenil), adem\u00e1s de familiares, amigos y otros distinguidos miembros de la sociedad.<\/p>\n\n\n\n<p>Posterior al evento se realiz\u00f3 la Conferencia Magistral \u00abLa participaci\u00f3n ciudadana en una sociedad democr\u00e1tica\u00bb, impartida por el historiador Enrique Krauze.<\/p>\n\n\n\n<figure class=\"wp-block-image size-full\"><img decoding=\"async\" width=\"850\" height=\"519\" src=\"http:\/\/crucialnuevaepoca.com\/web\/wp-content\/uploads\/2024\/04\/DSC_0108-min.jpg\" alt=\"\" class=\"wp-image-9407\" srcset=\"https:\/\/crucialnuevaepoca.com\/web\/wp-content\/uploads\/2024\/04\/DSC_0108-min.jpg 850w, https:\/\/crucialnuevaepoca.com\/web\/wp-content\/uploads\/2024\/04\/DSC_0108-min-300x183.jpg 300w, https:\/\/crucialnuevaepoca.com\/web\/wp-content\/uploads\/2024\/04\/DSC_0108-min-768x469.jpg 768w\" sizes=\"(max-width: 850px) 100vw, 850px\" \/><\/figure>\n","protected":false},"excerpt":{"rendered":"<p>Acompa\u00f1ada por los miembros del Consejo Directivo, la empresaria Martha Elena Reyes Zazueta tom\u00f3 \u00abcompromiso\u00bb como presidenta de la COPARMEX Sinaloa para el periodo 2024-2026. El acto protocolario estuvo encabezado por el presidente nacional de COPARMEX, Jos\u00e9 Medina Mora Icaza, quien fue el encargado de tomarle protesta al nuevo Consejo Directivo. \u00abBusqu\u00e9 las maneras de [&hellip;]<\/p>\n","protected":false},"author":2,"featured_media":9405,"comment_status":"open","ping_status":"open","sticky":false,"template":"","format":"standard","meta":{"footnotes":""},"categories":[103,93],"tags":[2605,2604,127],"class_list":["post-9404","post","type-post","status-publish","format-standard","has-post-thumbnail","hentry","category-camaras-y-colegios","category-principales","tag-coparmex-sinaloa","tag-martha-elena-reyes-zazueta","tag-toma-de-protesta"],"aioseo_notices":[],"_links":{"self":[{"href":"https:\/\/crucialnuevaepoca.com\/web\/wp-json\/wp\/v2\/posts\/9404","targetHints":{"allow":["GET"]}}],"collection":[{"href":"https:\/\/crucialnuevaepoca.com\/web\/wp-json\/wp\/v2\/posts"}],"about":[{"href":"https:\/\/crucialnuevaepoca.com\/web\/wp-json\/wp\/v2\/types\/post"}],"author":[{"embeddable":true,"href":"https:\/\/crucialnuevaepoca.com\/web\/wp-json\/wp\/v2\/users\/2"}],"replies":[{"embeddable":true,"href":"https:\/\/crucialnuevaepoca.com\/web\/wp-json\/wp\/v2\/comments?post=9404"}],"version-history":[{"count":1,"href":"https:\/\/crucialnuevaepoca.com\/web\/wp-json\/wp\/v2\/posts\/9404\/revisions"}],"predecessor-version":[{"id":9408,"href":"https:\/\/crucialnuevaepoca.com\/web\/wp-json\/wp\/v2\/posts\/9404\/revisions\/9408"}],"wp:featuredmedia":[{"embeddable":true,"href":"https:\/\/crucialnuevaepoca.com\/web\/wp-json\/wp\/v2\/media\/9405"}],"wp:attachment":[{"href":"https:\/\/crucialnuevaepoca.com\/web\/wp-json\/wp\/v2\/media?parent=9404"}],"wp:term":[{"taxonomy":"category","embeddable":true,"href":"https:\/\/crucialnuevaepoca.com\/web\/wp-json\/wp\/v2\/categories?post=9404"},{"taxonomy":"post_tag","embeddable":true,"href":"https:\/\/crucialnuevaepoca.com\/web\/wp-json\/wp\/v2\/tags?post=9404"}],"curies":[{"name":"wp","href":"https:\/\/api.w.org\/{rel}","templated":true}]}}