{"id":9532,"date":"2024-06-04T12:43:25","date_gmt":"2024-06-04T19:43:25","guid":{"rendered":"https:\/\/crucialnuevaepoca.com\/web\/?p=9532"},"modified":"2024-06-04T12:43:26","modified_gmt":"2024-06-04T19:43:26","slug":"inicia-la-campana-1-dia-para-compartir-del-banco-de-alimentos-de-culiacan","status":"publish","type":"post","link":"https:\/\/crucialnuevaepoca.com\/web\/2024\/06\/04\/inicia-la-campana-1-dia-para-compartir-del-banco-de-alimentos-de-culiacan\/","title":{"rendered":"Inicia la campa\u00f1a \u00ab1 d\u00eda para compartir\u00bb del Banco de Alimentos de Culiac\u00e1n"},"content":{"rendered":"\n<p>El Banco de Alimentos de Culiac\u00e1n, acompa\u00f1ado por la Junta de Asistencia Privada y otras empresas y organismos participantes, presentaron en rueda de prensa el inicio de la colecta anual \u00ab1 d\u00eda para compartir\u00bb que tiene como meta recolectar 13 toneladas de frijol para poder ayudar a la gente m\u00e1s necesitada del municipio.<\/p>\n\n\n\n<p><br>Marco Cervantes, representante de la Junta de Asistencia Privada de Sinaloa, se\u00f1al\u00f3 que es un privilegio el poder participar en esta colecta que lleva ya 4 a\u00f1os y que beneficia a las familias m\u00e1s vulnerables.<\/p>\n\n\n\n<figure class=\"wp-block-image size-full\"><img fetchpriority=\"high\" decoding=\"async\" width=\"850\" height=\"567\" src=\"http:\/\/crucialnuevaepoca.com\/web\/wp-content\/uploads\/2024\/06\/DSC_0114.jpg\" alt=\"\" class=\"wp-image-9535\" srcset=\"https:\/\/crucialnuevaepoca.com\/web\/wp-content\/uploads\/2024\/06\/DSC_0114.jpg 850w, https:\/\/crucialnuevaepoca.com\/web\/wp-content\/uploads\/2024\/06\/DSC_0114-300x200.jpg 300w, https:\/\/crucialnuevaepoca.com\/web\/wp-content\/uploads\/2024\/06\/DSC_0114-768x512.jpg 768w\" sizes=\"(max-width: 850px) 100vw, 850px\" \/><\/figure>\n\n\n\n<p><br>\u00abA nombre de la Junta de Asistencia Privada refrendamos este apoyo y nos sumamos como empresa aliada al Banco de Alimentos para fortalecer esta actividad haciendo nuestro donativo en esta campa\u00f1a \u00ab1 d\u00eda para compartir\u00bb, y agradecemos a las empresas aliadas que se est\u00e1n sumando a este esfuerzo en apoyo al Banco de Alimentos de Culiac\u00e1n\u00bb, manifest\u00f3 Marco Cervantes.<\/p>\n\n\n\n<p><br>Diana Mart\u00ednez, Directora de Alianzas Estrat\u00e9gicas del Banco de Alimentos de Culiac\u00e1n, hizo la invitaci\u00f3n al p\u00fablico para que apoyen en esta campa\u00f1a, la cual se estar\u00e1 realizando hasta el d\u00eda 17 de junio y que busca beneficiar a 12 mil familias y que al momento cuenta con la participaci\u00f3n de escuelas, empresas y organismos de la sociedad civil. Los apoyos pueden ser entregados en efectivos o en especie en las instalaciones del Banco de Alimentos, el cual se ubica en el Mercado de Abastos.<\/p>\n\n\n\n<figure class=\"wp-block-image size-full\"><img decoding=\"async\" width=\"850\" height=\"567\" src=\"http:\/\/crucialnuevaepoca.com\/web\/wp-content\/uploads\/2024\/06\/DSC_0106.jpg\" alt=\"\" class=\"wp-image-9534\" srcset=\"https:\/\/crucialnuevaepoca.com\/web\/wp-content\/uploads\/2024\/06\/DSC_0106.jpg 850w, https:\/\/crucialnuevaepoca.com\/web\/wp-content\/uploads\/2024\/06\/DSC_0106-300x200.jpg 300w, https:\/\/crucialnuevaepoca.com\/web\/wp-content\/uploads\/2024\/06\/DSC_0106-768x512.jpg 768w\" sizes=\"(max-width: 850px) 100vw, 850px\" \/><\/figure>\n\n\n\n<p>En esta rueda de prensa estuvieron presentes, Diana Mart\u00ednez del Banco de Alimentos de Culiac\u00e1n; Marco Cervantes de la Junta de Asistencia Privada; Griselda Rodr\u00edguez de OXXO; Lilia Rodr\u00edguez de Cremer\u00edas Santa Clara; Mar\u00eda Isabel Ch\u00e1vez del Restaurante Dolce M\u00eda; Rafael Izabal, Presidente del Consejo Intercamaral Juvenil; y Ram\u00f3n Murillo de Enji Sushi.<\/p>\n\n\n\n<p>Para conocer los lugares a donde se pueden llevar los donativos se puede visitar las redes sociales del Banco de Alimentos de Culiac\u00e1n o al tel\u00e9fono 667 473 8359.<\/p>\n","protected":false},"excerpt":{"rendered":"<p>El Banco de Alimentos de Culiac\u00e1n, acompa\u00f1ado por la Junta de Asistencia Privada y otras empresas y organismos participantes, presentaron en rueda de prensa el inicio de la colecta anual \u00ab1 d\u00eda para compartir\u00bb que tiene como meta recolectar 13 toneladas de frijol para poder ayudar a la gente m\u00e1s necesitada del municipio. Marco Cervantes, [&hellip;]<\/p>\n","protected":false},"author":2,"featured_media":9536,"comment_status":"open","ping_status":"open","sticky":false,"template":"","format":"standard","meta":{"footnotes":""},"categories":[102,93],"tags":[2638,1604,1892],"class_list":["post-9532","post","type-post","status-publish","format-standard","has-post-thumbnail","hentry","category-asociaciones","category-principales","tag-banco-de-alimentos-de-culiacan","tag-colecta-anual","tag-junta-de-asistencia-privada"],"aioseo_notices":[],"_links":{"self":[{"href":"https:\/\/crucialnuevaepoca.com\/web\/wp-json\/wp\/v2\/posts\/9532","targetHints":{"allow":["GET"]}}],"collection":[{"href":"https:\/\/crucialnuevaepoca.com\/web\/wp-json\/wp\/v2\/posts"}],"about":[{"href":"https:\/\/crucialnuevaepoca.com\/web\/wp-json\/wp\/v2\/types\/post"}],"author":[{"embeddable":true,"href":"https:\/\/crucialnuevaepoca.com\/web\/wp-json\/wp\/v2\/users\/2"}],"replies":[{"embeddable":true,"href":"https:\/\/crucialnuevaepoca.com\/web\/wp-json\/wp\/v2\/comments?post=9532"}],"version-history":[{"count":2,"href":"https:\/\/crucialnuevaepoca.com\/web\/wp-json\/wp\/v2\/posts\/9532\/revisions"}],"predecessor-version":[{"id":9537,"href":"https:\/\/crucialnuevaepoca.com\/web\/wp-json\/wp\/v2\/posts\/9532\/revisions\/9537"}],"wp:featuredmedia":[{"embeddable":true,"href":"https:\/\/crucialnuevaepoca.com\/web\/wp-json\/wp\/v2\/media\/9536"}],"wp:attachment":[{"href":"https:\/\/crucialnuevaepoca.com\/web\/wp-json\/wp\/v2\/media?parent=9532"}],"wp:term":[{"taxonomy":"category","embeddable":true,"href":"https:\/\/crucialnuevaepoca.com\/web\/wp-json\/wp\/v2\/categories?post=9532"},{"taxonomy":"post_tag","embeddable":true,"href":"https:\/\/crucialnuevaepoca.com\/web\/wp-json\/wp\/v2\/tags?post=9532"}],"curies":[{"name":"wp","href":"https:\/\/api.w.org\/{rel}","templated":true}]}}