{"id":9562,"date":"2024-06-05T13:48:11","date_gmt":"2024-06-05T20:48:11","guid":{"rendered":"https:\/\/crucialnuevaepoca.com\/web\/?p=9562"},"modified":"2024-06-05T13:48:12","modified_gmt":"2024-06-05T20:48:12","slug":"la-uas-avanza-de-manera-relevante-e-historica-y-dara-cuenta-de-ello-a-la-sociedad-en-el-tercer-informe-de-labores-2023-2024","status":"publish","type":"post","link":"https:\/\/crucialnuevaepoca.com\/web\/2024\/06\/05\/la-uas-avanza-de-manera-relevante-e-historica-y-dara-cuenta-de-ello-a-la-sociedad-en-el-tercer-informe-de-labores-2023-2024\/","title":{"rendered":"La UAS avanza de manera relevante e hist\u00f3rica y dar\u00e1 cuenta de ello a la sociedad en el Tercer Informe de Labores 2023-2024"},"content":{"rendered":"\n<p>Pese a la persecuci\u00f3n pol\u00edtica y los embates del Gobierno Estatal la Universidad Aut\u00f3noma de Sinaloa (UAS) no se detuvo y tendr\u00e1 mucho que dar a conocer a la sociedad sinaloense en el Tercer Informe de Labores 2023-2024 de la presente administraci\u00f3n, inform\u00f3 el doctor Robespierre Liz\u00e1rraga Otero, Encargado del Despacho de Rector\u00eda.<\/p>\n\n\n\n<p>\u201cLa defensa de la Autonom\u00eda, de los derechos humanos y del retorno de nuestro Rector sin duda es un tema preponderante en este Tercer Informe (\u2026.) vamos a reportar la lucha por la defensa de la Autonom\u00eda evidentemente, pero tambi\u00e9n ser\u00e1 la academia, la investigaci\u00f3n, el posgrado, la vinculaci\u00f3n, la cultura, el deporte, la evaluaci\u00f3n constante, la transparencia, van a ser ejes que se van a ir desglosando en este Informe en donde a pesar de la persecuci\u00f3n pol\u00edtica la Universidad no se detuvo\u201d, dijo.<\/p>\n\n\n\n<p>Enfatiz\u00f3 que esta casa de estudios avanz\u00f3 incluso en muchos aspectos de manera relevante e hist\u00f3rica y eso se informar\u00e1 este viernes 7 de junio durante el ejercicio de rendici\u00f3n de cuentas de la administraci\u00f3n universitaria.<\/p>\n\n\n\n<p>Se\u00f1al\u00f3 que entienden y asumen que como parte de la realidad de ser libres, aut\u00f3nomos y c\u00edtricos y de tener una conciencia propia est\u00e1n los universitarios pagando un precio, pero tambi\u00e9n asumen con claridad la misi\u00f3n y el compromiso con el pueblo de Sinaloa.<\/p>\n\n\n\n<p>\u201cTenemos claro que esa es la mejor defensa que podemos tener: los logros acad\u00e9micos que se van a reportar (\u2026) el pr\u00f3ximo 7 de junio tenemos un ejercicio de rendici\u00f3n de cuentas, los resultados, el fruto del producto del trabajo cotidiano, el resultado de nuestros estudiantes y acad\u00e9micos destacados, de los deportistas y artistas y la construcci\u00f3n de conocimiento de los investigadores, todo lo que la Universidad es y hace por el pueblo de Sinaloa para lograr ese anhelado progreso que todos merecemos\u201d, manifest\u00f3.<\/p>\n\n\n\n<p>Invit\u00f3 a estar atentos a este ejercicio de rendici\u00f3n de cuentas el viernes 7 de junio a las 11 horas en el Auditorio de la Autonom\u00eda Universitaria ubicado en el Campus Buelna.<\/p>\n\n\n\n<p>Y para ir detallando uno de los eventos m\u00e1s importantes de la Universidad y su comunidad, funcionarios y trabajadores de diversas \u00e1reas de la administraci\u00f3n central se dieron cita para revisar los pormenores de la log\u00edstica y organizaci\u00f3n del evento en el que se espera la asistencia de 2 mil invitados.<\/p>\n\n\n\n<p>El Secretario General, doctor Candelario Ortiz Bueno, encabez\u00f3 la reuni\u00f3n en donde conjuntamente con el Vicerrector de la Unidad Regional Centro, doctor Wenseslao Plata Rocha, de la Directora de Bienestar Universitario, doctora Sof\u00eda Angulo de Madue\u00f1a y del Director General de Comunicaci\u00f3n Social, ingeniero Arnoldo Valle Leyva, entre otros funcionarios universitarios, dieron las gracias a todos los universitarios que trabajaron y siguen aportando para la realizaci\u00f3n de este magno evento.<\/p>\n\n\n\n<p>\u201cEstamos listos para llevar a cabo el tercer informe de labores de esta administraci\u00f3n (\u2026) ya est\u00e1n todos los preparativos la ruta cr\u00edtica se ha seguido de manera puntual hay mucho que informar (\u2026) se dar\u00e1 a conocer todos los logros que se tienen por la Universidad en este \u00faltimo a\u00f1o\u201d, manifest\u00f3 Ortiz Bueno.<\/p>\n\n\n\n<p>Mientras que el Vicerrector se pronunci\u00f3 por \u201cque sea un evento que luzca, donde se vea la unidad, armon\u00eda, cohesi\u00f3n y la fortaleza que tenemos como universitarios, que todos estemos celebrando este gran a\u00f1o de trabajo\u201d.<\/p>\n","protected":false},"excerpt":{"rendered":"<p>Pese a la persecuci\u00f3n pol\u00edtica y los embates del Gobierno Estatal la Universidad Aut\u00f3noma de Sinaloa (UAS) no se detuvo y tendr\u00e1 mucho que dar a conocer a la sociedad sinaloense en el Tercer Informe de Labores 2023-2024 de la presente administraci\u00f3n, inform\u00f3 el doctor Robespierre Liz\u00e1rraga Otero, Encargado del Despacho de Rector\u00eda. \u201cLa defensa [&hellip;]<\/p>\n","protected":false},"author":2,"featured_media":9554,"comment_status":"open","ping_status":"open","sticky":false,"template":"","format":"standard","meta":{"footnotes":""},"categories":[122,93],"tags":[2637,124,40,13,546],"class_list":["post-9562","post","type-post","status-publish","format-standard","has-post-thumbnail","hentry","category-educacion","category-principales","tag-3er-informe","tag-rector-maduena","tag-sinaloa","tag-uas","tag-universidad-autonoma-de-sinaloa"],"aioseo_notices":[],"_links":{"self":[{"href":"https:\/\/crucialnuevaepoca.com\/web\/wp-json\/wp\/v2\/posts\/9562","targetHints":{"allow":["GET"]}}],"collection":[{"href":"https:\/\/crucialnuevaepoca.com\/web\/wp-json\/wp\/v2\/posts"}],"about":[{"href":"https:\/\/crucialnuevaepoca.com\/web\/wp-json\/wp\/v2\/types\/post"}],"author":[{"embeddable":true,"href":"https:\/\/crucialnuevaepoca.com\/web\/wp-json\/wp\/v2\/users\/2"}],"replies":[{"embeddable":true,"href":"https:\/\/crucialnuevaepoca.com\/web\/wp-json\/wp\/v2\/comments?post=9562"}],"version-history":[{"count":1,"href":"https:\/\/crucialnuevaepoca.com\/web\/wp-json\/wp\/v2\/posts\/9562\/revisions"}],"predecessor-version":[{"id":9563,"href":"https:\/\/crucialnuevaepoca.com\/web\/wp-json\/wp\/v2\/posts\/9562\/revisions\/9563"}],"wp:featuredmedia":[{"embeddable":true,"href":"https:\/\/crucialnuevaepoca.com\/web\/wp-json\/wp\/v2\/media\/9554"}],"wp:attachment":[{"href":"https:\/\/crucialnuevaepoca.com\/web\/wp-json\/wp\/v2\/media?parent=9562"}],"wp:term":[{"taxonomy":"category","embeddable":true,"href":"https:\/\/crucialnuevaepoca.com\/web\/wp-json\/wp\/v2\/categories?post=9562"},{"taxonomy":"post_tag","embeddable":true,"href":"https:\/\/crucialnuevaepoca.com\/web\/wp-json\/wp\/v2\/tags?post=9562"}],"curies":[{"name":"wp","href":"https:\/\/api.w.org\/{rel}","templated":true}]}}