{"id":9601,"date":"2024-06-18T12:22:16","date_gmt":"2024-06-18T19:22:16","guid":{"rendered":"https:\/\/crucialnuevaepoca.com\/web\/?p=9601"},"modified":"2024-06-18T12:22:17","modified_gmt":"2024-06-18T19:22:17","slug":"propondran-cambiar-fecha-del-dia-del-padre","status":"publish","type":"post","link":"https:\/\/crucialnuevaepoca.com\/web\/2024\/06\/18\/propondran-cambiar-fecha-del-dia-del-padre\/","title":{"rendered":"Propondr\u00e1n cambiar fecha del D\u00eda del Padre"},"content":{"rendered":"\n<p>A fin de buscar un mayor reconocimiento al padre de familia, similar al D\u00eda de las madres, y de paso estimular la econom\u00eda del sector comercial, la Uni\u00f3n de Comerciantes de Culiac\u00e1n le solicitar\u00e1 al gobernador Ruben Rocha Moya un cambio regional en su fecha de festejo, inform\u00f3 \u00d3scar S\u00e1nchez Beltr\u00e1n.<\/p>\n\n\n\n<p>El presidente de este organismo explic\u00f3 que la celebraci\u00f3n del jefe de familia dista mucho del festejo de la mam\u00e1, originando en desequilibrio en lo emocional, de equidad de g\u00e9nero y de paso un desaliento al sector comercio.<\/p>\n\n\n\n<p>La propuesta es, dijo, que el D\u00eda del padre se festeje el tercer viernes de junio y no el tercer domingo del mismo mes como se viene haciendo.<\/p>\n\n\n\n<p>\u201cEl D\u00eda de las madres existe toda una mec\u00e1nica social, comercial y gubernamental para su festejo, mientras que para nosotros los pap\u00e1s s\u00f3lo es superficial\u201d, apunt\u00f3.<\/p>\n\n\n\n<p>S\u00e1nchez Beltr\u00e1n explic\u00f3 que la idea es que sea el viernes para hacerlo descanso y se convierta en un fin de semana largo, impulsando la familia y convivencia social.<\/p>\n\n\n\n<p>Ser\u00eda un justo reconocimiento para los padres por parte del gobierno, los sindicatos y la misma sociedad, a\u00f1adi\u00f3.<\/p>\n\n\n\n<p>Actualmente, agreg\u00f3, el 10 de mayo, D\u00eda de la madres, es una fecha muy bien acogida por los mexicanos y goza de gran reconocimiento.<\/p>\n\n\n\n<p>\u201cA las mam\u00e1s se les anticipa su festejo un mes antes y se le contin\u00faa un mes despu\u00e9s por toda la sociedad, entonces hay que ir buscando lo mismo para el pap\u00e1\u201d, apunt\u00f3.<\/p>\n\n\n\n<p>El gobernador es una persona muy sensible en este tema y estamos seguros que algo puede hacer, abund\u00f3.<\/p>\n\n\n\n<p>Indic\u00f3 que ser\u00eda bueno crear una direcci\u00f3n que atienda al hombre, donde se den ool\u00edticas publicas este y muchos temas que tienen que ver con la figura y participaci\u00f3n del var\u00f3n en la sociedad.<\/p>\n\n\n\n<p><strong><em>D\u00eda del Padre en el Top 15 del comercio<\/em><\/strong><\/p>\n\n\n\n<p>S\u00e1nchez Beltr\u00e1n precis\u00f3 que el festejo del D\u00eda del padre ocupa el Top 15 de los festejos rentables del sector comercial.<\/p>\n\n\n\n<p>Argument\u00f3 que por las bajas ventas que esta fecha representa, se contemplan otras con mayor relevancia como los festejos de halloween y el D\u00eda del amor y la amistad.<\/p>\n\n\n\n<p>\u201cIncluso estamos hablando que el nivel de inversi\u00f3n para los padre es menor en un 70 por ciento en relaci\u00f3n a las mam\u00e1s\u201d, apunt\u00f3.<\/p>\n\n\n\n<p><strong><em>Calcetines, b\u00f3xer, playeras y cachuchas las m\u00e1s vendidas.<\/em><\/strong><\/p>\n\n\n\n<p>El l\u00edder del comercio formal inform\u00f3 que los calcetines, b\u00f3xer, playeras y cachuchas fueron los art\u00edculos m\u00e1s vendidos en los festejos del D\u00eda del Padre.<br>Sostuvo que de acuerdo a los reportes preliminares la venta aument\u00f3 un 10 por ciento m\u00e1s en relaci\u00f3n a la misma fecha del 2023.<\/p>\n\n\n\n<p>Se espera que la derrama econ\u00f3mica obtenida en todo Culiac\u00e1n por el comercio formal llegue a los 60 millones de pesos, describi\u00f3.<\/p>\n\n\n\n<p>\u201cEs evidente que el festejo del pap\u00e1 ha ido aumentando en los hogares de los culiacanenses y ahora ha crecido la idea de acercarle un regalo\u201d, apunt\u00f3.<\/p>\n","protected":false},"excerpt":{"rendered":"<p>A fin de buscar un mayor reconocimiento al padre de familia, similar al D\u00eda de las madres, y de paso estimular la econom\u00eda del sector comercial, la Uni\u00f3n de Comerciantes de Culiac\u00e1n le solicitar\u00e1 al gobernador Ruben Rocha Moya un cambio regional en su fecha de festejo, inform\u00f3 \u00d3scar S\u00e1nchez Beltr\u00e1n. El presidente de este [&hellip;]<\/p>\n","protected":false},"author":2,"featured_media":9602,"comment_status":"open","ping_status":"open","sticky":false,"template":"","format":"standard","meta":{"footnotes":""},"categories":[27,93],"tags":[2656,2653,2436,2435],"class_list":["post-9601","post","type-post","status-publish","format-standard","has-post-thumbnail","hentry","category-local","category-principales","tag-cambio-de-fecha","tag-dia-del-padre","tag-ucc","tag-union-de-comerciantes-de-culiacan"],"aioseo_notices":[],"_links":{"self":[{"href":"https:\/\/crucialnuevaepoca.com\/web\/wp-json\/wp\/v2\/posts\/9601","targetHints":{"allow":["GET"]}}],"collection":[{"href":"https:\/\/crucialnuevaepoca.com\/web\/wp-json\/wp\/v2\/posts"}],"about":[{"href":"https:\/\/crucialnuevaepoca.com\/web\/wp-json\/wp\/v2\/types\/post"}],"author":[{"embeddable":true,"href":"https:\/\/crucialnuevaepoca.com\/web\/wp-json\/wp\/v2\/users\/2"}],"replies":[{"embeddable":true,"href":"https:\/\/crucialnuevaepoca.com\/web\/wp-json\/wp\/v2\/comments?post=9601"}],"version-history":[{"count":1,"href":"https:\/\/crucialnuevaepoca.com\/web\/wp-json\/wp\/v2\/posts\/9601\/revisions"}],"predecessor-version":[{"id":9603,"href":"https:\/\/crucialnuevaepoca.com\/web\/wp-json\/wp\/v2\/posts\/9601\/revisions\/9603"}],"wp:featuredmedia":[{"embeddable":true,"href":"https:\/\/crucialnuevaepoca.com\/web\/wp-json\/wp\/v2\/media\/9602"}],"wp:attachment":[{"href":"https:\/\/crucialnuevaepoca.com\/web\/wp-json\/wp\/v2\/media?parent=9601"}],"wp:term":[{"taxonomy":"category","embeddable":true,"href":"https:\/\/crucialnuevaepoca.com\/web\/wp-json\/wp\/v2\/categories?post=9601"},{"taxonomy":"post_tag","embeddable":true,"href":"https:\/\/crucialnuevaepoca.com\/web\/wp-json\/wp\/v2\/tags?post=9601"}],"curies":[{"name":"wp","href":"https:\/\/api.w.org\/{rel}","templated":true}]}}