{"id":9616,"date":"2024-06-19T13:44:49","date_gmt":"2024-06-19T20:44:49","guid":{"rendered":"https:\/\/crucialnuevaepoca.com\/web\/?p=9616"},"modified":"2024-06-19T13:44:49","modified_gmt":"2024-06-19T20:44:49","slug":"vemos-alianzas-de-sheinbaum-con-la-iniciativa-privada-adecem","status":"publish","type":"post","link":"https:\/\/crucialnuevaepoca.com\/web\/2024\/06\/19\/vemos-alianzas-de-sheinbaum-con-la-iniciativa-privada-adecem\/","title":{"rendered":"Vemos alianzas de Sheinbaum con la iniciativa privada: ADECEM"},"content":{"rendered":"\n<p>\u201cVemos un escenario en donde necesariamente el gobierno que encabezar\u00e1 Claudia Sheinbaum tendr\u00e1 que construir alianzas con la iniciativa privada para poder crear condiciones o fortalecer las condiciones que como pa\u00eds se requieren para la generaci\u00f3n de la riqueza\u201d, expres\u00f3 Julio C\u00e9sar Silvas Inzunza, presidente de la Alianza para el Desarrollo y Competitividad de las Empresas (ADECEM).<\/p>\n\n\n\n<p>En la reuni\u00f3n quincenal que tiene esta asociaci\u00f3n civil, explic\u00f3 su presidente, se hicieron diversos planteamientos y an\u00e1lisis de lo que se viene con la nueva administraci\u00f3n federal, bajo la perspectiva del sector empresarial, sobre todo de las micros y peque\u00f1as empresas, que son mayor\u00eda en el pa\u00eds.<\/p>\n\n\n\n<p>Incluso estim\u00f3 que se fortalecer\u00e1n las figuras de las asociaciones p\u00fablicas-privadas en materia de inversiones en algunos proyectos.<\/p>\n\n\n\n<p>Respecto a la reforma al Poder Judicial que propuso el presidente Andr\u00e9s Manuel L\u00f3pez Obrador y que ha retomado su sucesora, se\u00f1al\u00f3 que en los an\u00e1lisis que se han hecho se estima que ello no necesariamente se dar\u00e1 de manera \u201cfast-track\u201d o de un d\u00eda para otro, sino que va a llevar todo un proceso.<\/p>\n\n\n\n<p>\u201cEn lo general \u2013dijo&#8211; vemos necesario el fortalecimiento de las agendas del sector productivo, principalmente hacia, el fortalecimiento del Estado de Derecho\u201d.<\/p>\n\n\n\n<p>Sobre esto \u00faltimo, puntualiz\u00f3 que ADECEM siempre ha estado trabajando, desde su conformaci\u00f3n, en agendas que tienen que ver con el impacto en la generaci\u00f3n y distribuci\u00f3n de riqueza.<\/p>\n\n\n\n<p>Creemos, a\u00f1adi\u00f3 Julio C\u00e9sar Silvas, que la presidenta Claudia Sheinbaum est\u00e1 en una coyuntura interesante y pensamos que el di\u00e1logo que se tiene que ir construyendo con el nuevo gobierno pues nos va a permitir avanzar. Hay muchos desaf\u00edos que de manera particular no podr\u00eda ning\u00fan gobernante resolver. Y en ese sentido vienen todos los \u00e1mbitos: la seguridad p\u00fablica y la certeza jur\u00eddica en el m\u00e1s amplio sentido\u201d.<\/p>\n\n\n\n<p>En ADECEM, concluy\u00f3, le apostamos al fortalecimiento de las instituciones y por ah\u00ed va a estar caminando, y creemos que habr\u00e1 coincidencia con esta nueva administraci\u00f3n federal que viene pr\u00e1cticamente ya en breve.<\/p>\n","protected":false},"excerpt":{"rendered":"<p>\u201cVemos un escenario en donde necesariamente el gobierno que encabezar\u00e1 Claudia Sheinbaum tendr\u00e1 que construir alianzas con la iniciativa privada para poder crear condiciones o fortalecer las condiciones que como pa\u00eds se requieren para la generaci\u00f3n de la riqueza\u201d, expres\u00f3 Julio C\u00e9sar Silvas Inzunza, presidente de la Alianza para el Desarrollo y Competitividad de las [&hellip;]<\/p>\n","protected":false},"author":2,"featured_media":9617,"comment_status":"open","ping_status":"open","sticky":false,"template":"","format":"standard","meta":{"footnotes":""},"categories":[103,93],"tags":[1763,2644,2660],"class_list":["post-9616","post","type-post","status-publish","format-standard","has-post-thumbnail","hentry","category-camaras-y-colegios","category-principales","tag-adecem","tag-claudia-sheinbaum","tag-iniciativa-privada"],"aioseo_notices":[],"_links":{"self":[{"href":"https:\/\/crucialnuevaepoca.com\/web\/wp-json\/wp\/v2\/posts\/9616","targetHints":{"allow":["GET"]}}],"collection":[{"href":"https:\/\/crucialnuevaepoca.com\/web\/wp-json\/wp\/v2\/posts"}],"about":[{"href":"https:\/\/crucialnuevaepoca.com\/web\/wp-json\/wp\/v2\/types\/post"}],"author":[{"embeddable":true,"href":"https:\/\/crucialnuevaepoca.com\/web\/wp-json\/wp\/v2\/users\/2"}],"replies":[{"embeddable":true,"href":"https:\/\/crucialnuevaepoca.com\/web\/wp-json\/wp\/v2\/comments?post=9616"}],"version-history":[{"count":1,"href":"https:\/\/crucialnuevaepoca.com\/web\/wp-json\/wp\/v2\/posts\/9616\/revisions"}],"predecessor-version":[{"id":9618,"href":"https:\/\/crucialnuevaepoca.com\/web\/wp-json\/wp\/v2\/posts\/9616\/revisions\/9618"}],"wp:featuredmedia":[{"embeddable":true,"href":"https:\/\/crucialnuevaepoca.com\/web\/wp-json\/wp\/v2\/media\/9617"}],"wp:attachment":[{"href":"https:\/\/crucialnuevaepoca.com\/web\/wp-json\/wp\/v2\/media?parent=9616"}],"wp:term":[{"taxonomy":"category","embeddable":true,"href":"https:\/\/crucialnuevaepoca.com\/web\/wp-json\/wp\/v2\/categories?post=9616"},{"taxonomy":"post_tag","embeddable":true,"href":"https:\/\/crucialnuevaepoca.com\/web\/wp-json\/wp\/v2\/tags?post=9616"}],"curies":[{"name":"wp","href":"https:\/\/api.w.org\/{rel}","templated":true}]}}