{"id":9635,"date":"2024-06-25T10:30:03","date_gmt":"2024-06-25T17:30:03","guid":{"rendered":"https:\/\/crucialnuevaepoca.com\/web\/?p=9635"},"modified":"2024-06-25T10:30:04","modified_gmt":"2024-06-25T17:30:04","slug":"participa-la-uas-en-la-reunion-regional-prospectiva-de-la-demanda-de-servicios-educativos-y-actualizacion-curricular-para-potenciar-el-talento-mexicano","status":"publish","type":"post","link":"https:\/\/crucialnuevaepoca.com\/web\/2024\/06\/25\/participa-la-uas-en-la-reunion-regional-prospectiva-de-la-demanda-de-servicios-educativos-y-actualizacion-curricular-para-potenciar-el-talento-mexicano\/","title":{"rendered":"Participa la UAS en la Reuni\u00f3n Regional \u201cProspectiva de la Demanda de Servicios Educativos y Actualizaci\u00f3n Curricular para Potenciar el Talento Mexicano\u201d"},"content":{"rendered":"\n<p>La Universidad Aut\u00f3noma de Sinaloa (UAS) una vez m\u00e1s se adelanta en el cumplimiento de las pol\u00edticas educativas y de desarrollo del Gobierno Federal, as\u00ed qued\u00f3 demostrado por el Encargado del Despacho de Rector\u00eda, doctor Robespierre Liz\u00e1rraga Otero al participar en la Reuni\u00f3n Regional \u201cProspectiva de la Demanda de Servicios Educativos y Actualizaci\u00f3n Curricular para Potenciar el Talento Mexicano\u00bb.<\/p>\n\n\n\n<p>\u201cPara la Universidad significa estar asumiendo el compromiso por dar una educaci\u00f3n de calidad, acorde con los tiempos actuales, por eso la informaci\u00f3n que nos dieron las autoridades federales es de gran utilidad para el logro de este prop\u00f3sito as\u00ed mismo esto nos permitir\u00e1 delinear planes y programas y pol\u00edticas internas de manera m\u00e1s eficiente y sobre todo reafirma el compromiso que tiene la Universidad con la calidad educativa, con el Gobierno Federal en cuanto al modelo de la Nueva Escuela Mexicana y sobre todo con el pueblo de Sinaloa\u201d, expres\u00f3 v\u00eda telef\u00f3nica.<\/p>\n\n\n\n<p>El evento fue encabezado por el Subsecretario de Educaci\u00f3n Superior de la SEP, doctor Luciano Concheiro B\u00f3rquez, cont\u00f3 con la presencia del Gobernador del estado de Nayarit, Miguel Angel Navarro Quintero, con la titular de la DGESUI, doctora Carmen Rodr\u00edguez Armenta, entre otras autoridades, asistieron rectores, directores y representantes de Instituciones de Eduacaci\u00f3n Superior de Baja California, Baja California Sur, Sonora, Durango, Sinaloa, Nayarit y Aguascalientes.<\/p>\n\n\n\n<p>En su participaci\u00f3n Liz\u00e1rraga Otero enfatiz\u00f3 que la UAS ya ha asumido muchos de los temas abordados en este evento, como el de vinculaci\u00f3n y diversificacion de la oferta educativa.<\/p>\n\n\n\n<p>\u201cDestacamos el regreso a la normalidad de la Universidad despu\u00e9s de la pandemia como una fortaleza, la atenci\u00f3n a la cobertura, la acreditaci\u00f3n de programas, la actualizaci\u00f3n curricular de acuerdo al nuevo modelo educativo, las nuevas 7 carreras que se ofrecen, nuestro apego a la Ley General de Educaci\u00f3n Superior y nuestro esfuerzo por dar orientaci\u00f3n vocacional de calidad\u201d, manifest\u00f3.<\/p>\n\n\n\n<figure class=\"wp-block-image size-full\"><img fetchpriority=\"high\" decoding=\"async\" width=\"850\" height=\"446\" src=\"http:\/\/crucialnuevaepoca.com\/web\/wp-content\/uploads\/2024\/06\/PHOTO-2024-06-24-23-06-48.jpg\" alt=\"\" class=\"wp-image-9636\" srcset=\"https:\/\/crucialnuevaepoca.com\/web\/wp-content\/uploads\/2024\/06\/PHOTO-2024-06-24-23-06-48.jpg 850w, https:\/\/crucialnuevaepoca.com\/web\/wp-content\/uploads\/2024\/06\/PHOTO-2024-06-24-23-06-48-300x157.jpg 300w, https:\/\/crucialnuevaepoca.com\/web\/wp-content\/uploads\/2024\/06\/PHOTO-2024-06-24-23-06-48-768x403.jpg 768w\" sizes=\"(max-width: 850px) 100vw, 850px\" \/><\/figure>\n\n\n\n<p>De igual forma plate\u00f3 que la UAS tiene un problema presupuestal para abordar el tema de la gratuidad por el trato injusto del Gobierno del Estado, y de manera precisa asent\u00f3 la dispocisi\u00f3n a atender los lineamientos y pol\u00edticas educativas expuestas.<\/p>\n\n\n\n<p>Durante el evento la titular de la Unidad de Inteligencia Econ\u00f3mica Global de la Secretar\u00eda de Econom\u00eda, maestra Irais Graciela Barreto Canales, present\u00f3 la actualizaci\u00f3n curricular para potenciar el talento mexicano, un an\u00e1lisis de las vocaciones econ\u00f3micas, proyectos estrat\u00e9gicos y de sectores para desarrollar en la regi\u00f3n, aport\u00f3 una numeralia de lo que en M\u00e9xico puede destacarse en cuanto a la econom\u00eda sectorizada.<\/p>\n\n\n\n<p>\u201cNos habl\u00f3 sobre la conjunci\u00f3n entre pol\u00edtica econ\u00f3mica y pol\u00edtica educativa para poder aprovechar las vocaciones regionales, es decir, en el pa\u00eds se ubicadn sectores claves como la agroindustria (\u2026), sector el\u00e9ctrico, electr\u00f3nico, producci\u00f3n automotriz y medicina y farmacolog\u00eda (\u2026) tambi\u00e9n habl\u00f3 de que M\u00e9xico es un pa\u00eds joven, que habr\u00eda que potenciar el talento, esto habla de hacer pol\u00edticas de vinculaci\u00f3n entre las instituciones educativas y el sector productivo con miras a mejorar esta reestrcuturaci\u00f3n econ\u00f3mica\u201d, dijo.<\/p>\n\n\n\n<p>La doctora Maricruz Murad\u00e1s Troiti\u00f1o, Coordinadora de Estudios Sociodemogr\u00e1ficos y Prospectiva del Consejo Nacional de Poblaci\u00f3n, expuso la din\u00e1mica demogr\u00e1fica y sus implicaciones en la demanda futura de los servicios educativos en el \u00e1mbito de la educaci\u00f3n superior en la regi\u00f3n, especific\u00f3 que en M\u00e9xico se tienen 132.3 millones de habitantes y la edad promedio es de 30 a\u00f1os, cuando hace poco era de 28 a\u00f1os y para el 2070 ser\u00e1 de 47, es decir, M\u00e9xico dejar\u00e1 de ser un pa\u00eds de j\u00f3venes, mientras que Sinaloa tiene un 13.6 por ciento de su poblaci\u00f3n mayor de 60 a\u00f1os, lo que significa que la entidad est\u00e1 \u201cenvejeciendo\u201d, por ello este evento permite analizar y enfrentar desde diferentes perspectivas los retos que se avizoran para la educaci\u00f3n superior en el pa\u00eds.<\/p>\n","protected":false},"excerpt":{"rendered":"<p>La Universidad Aut\u00f3noma de Sinaloa (UAS) una vez m\u00e1s se adelanta en el cumplimiento de las pol\u00edticas educativas y de desarrollo del Gobierno Federal, as\u00ed qued\u00f3 demostrado por el Encargado del Despacho de Rector\u00eda, doctor Robespierre Liz\u00e1rraga Otero al participar en la Reuni\u00f3n Regional \u201cProspectiva de la Demanda de Servicios Educativos y Actualizaci\u00f3n Curricular para [&hellip;]<\/p>\n","protected":false},"author":2,"featured_media":9637,"comment_status":"open","ping_status":"open","sticky":false,"template":"","format":"standard","meta":{"footnotes":""},"categories":[122,93],"tags":[1872,633,13,546],"class_list":["post-9635","post","type-post","status-publish","format-standard","has-post-thumbnail","hentry","category-educacion","category-principales","tag-reunion-regional","tag-robespierre-lizarraga","tag-uas","tag-universidad-autonoma-de-sinaloa"],"aioseo_notices":[],"_links":{"self":[{"href":"https:\/\/crucialnuevaepoca.com\/web\/wp-json\/wp\/v2\/posts\/9635","targetHints":{"allow":["GET"]}}],"collection":[{"href":"https:\/\/crucialnuevaepoca.com\/web\/wp-json\/wp\/v2\/posts"}],"about":[{"href":"https:\/\/crucialnuevaepoca.com\/web\/wp-json\/wp\/v2\/types\/post"}],"author":[{"embeddable":true,"href":"https:\/\/crucialnuevaepoca.com\/web\/wp-json\/wp\/v2\/users\/2"}],"replies":[{"embeddable":true,"href":"https:\/\/crucialnuevaepoca.com\/web\/wp-json\/wp\/v2\/comments?post=9635"}],"version-history":[{"count":1,"href":"https:\/\/crucialnuevaepoca.com\/web\/wp-json\/wp\/v2\/posts\/9635\/revisions"}],"predecessor-version":[{"id":9638,"href":"https:\/\/crucialnuevaepoca.com\/web\/wp-json\/wp\/v2\/posts\/9635\/revisions\/9638"}],"wp:featuredmedia":[{"embeddable":true,"href":"https:\/\/crucialnuevaepoca.com\/web\/wp-json\/wp\/v2\/media\/9637"}],"wp:attachment":[{"href":"https:\/\/crucialnuevaepoca.com\/web\/wp-json\/wp\/v2\/media?parent=9635"}],"wp:term":[{"taxonomy":"category","embeddable":true,"href":"https:\/\/crucialnuevaepoca.com\/web\/wp-json\/wp\/v2\/categories?post=9635"},{"taxonomy":"post_tag","embeddable":true,"href":"https:\/\/crucialnuevaepoca.com\/web\/wp-json\/wp\/v2\/tags?post=9635"}],"curies":[{"name":"wp","href":"https:\/\/api.w.org\/{rel}","templated":true}]}}