{"id":9642,"date":"2024-06-26T12:11:28","date_gmt":"2024-06-26T19:11:28","guid":{"rendered":"https:\/\/crucialnuevaepoca.com\/web\/?p=9642"},"modified":"2024-06-26T12:11:28","modified_gmt":"2024-06-26T19:11:28","slug":"sequia-no-afecto-produccion-y-venta-de-fruta-regional","status":"publish","type":"post","link":"https:\/\/crucialnuevaepoca.com\/web\/2024\/06\/26\/sequia-no-afecto-produccion-y-venta-de-fruta-regional\/","title":{"rendered":"Sequ\u00eda no afect\u00f3 producci\u00f3n y venta de fruta regional"},"content":{"rendered":"\n<p>Pese a la sequ\u00eda, la producci\u00f3n de fruta regional y de temporada tuvo buena producci\u00f3n y venta, inform\u00f3 \u00d3scar S\u00e1nchez Beltr\u00e1n.<\/p>\n\n\n\n<p>El Presidente de la Uni\u00f3n de Comerciantes de Culiac\u00e1n UCC precis\u00f3 que en estos momentos se comercializan a buen ritmo la ciruela, mango y lichis, bajo su variedad en a granel.<\/p>\n\n\n\n<p>El a\u00f1o pasado hubo menos producci\u00f3n de estos productos, explic\u00f3, cuando se tuvieron vol\u00famenes de venta \u00fanicamente en el centro de la ciudad de alrededor de 8 toneladas de mango, tres de ciruela y la misma cifra de lichis.<\/p>\n\n\n\n<p>Precis\u00f3 que en el caso de la ciruela amarilla ya se han cosechado y vendido la misma cantidad que toda la temporada pasada.<\/p>\n\n\n\n<p>\u201cLa venta la estamos teniendo principalmente en la zona centro, en mercados y supermercados, as\u00ed como en v\u00eda p\u00fablica de distintas calles de l ciudad\u201d, expuso.<br>La lichi est\u00e1 saliendo a la venta y se espera que haya buena producci\u00f3n, sostuvo.<\/p>\n\n\n\n<p>El precio, dijo, es variable, ya que la ciruela est\u00e1 a 20 pesos el litro, la lichi a 50 pesos el litro y el mango \u201ccorriente\u201d a 30 pesos el kilo.<\/p>\n\n\n\n<p>Las zonas que est\u00e1n abasteciendo estos productos son principalmente Navolato, Costa Rica, El Dorado, abund\u00f3.<\/p>\n\n\n\n<p>El l\u00edder de los comerciantes formales se\u00f1al\u00f3 que la comercializaci\u00f3n de estas frutas de temporada es un aliciente econ\u00f3mico para familias de las zonas rurales de Culiac\u00e1n y una alternativa de ingresos del comercio local.<\/p>\n\n\n\n<p><\/p>\n","protected":false},"excerpt":{"rendered":"<p>Pese a la sequ\u00eda, la producci\u00f3n de fruta regional y de temporada tuvo buena producci\u00f3n y venta, inform\u00f3 \u00d3scar S\u00e1nchez Beltr\u00e1n. El Presidente de la Uni\u00f3n de Comerciantes de Culiac\u00e1n UCC precis\u00f3 que en estos momentos se comercializan a buen ritmo la ciruela, mango y lichis, bajo su variedad en a granel. El a\u00f1o pasado [&hellip;]<\/p>\n","protected":false},"author":2,"featured_media":9644,"comment_status":"open","ping_status":"open","sticky":false,"template":"","format":"standard","meta":{"footnotes":""},"categories":[27,93],"tags":[2664,2663,807,2436,2435],"class_list":["post-9642","post","type-post","status-publish","format-standard","has-post-thumbnail","hentry","category-local","category-principales","tag-afectaciones","tag-fruta-regional","tag-sequia","tag-ucc","tag-union-de-comerciantes-de-culiacan"],"aioseo_notices":[],"_links":{"self":[{"href":"https:\/\/crucialnuevaepoca.com\/web\/wp-json\/wp\/v2\/posts\/9642","targetHints":{"allow":["GET"]}}],"collection":[{"href":"https:\/\/crucialnuevaepoca.com\/web\/wp-json\/wp\/v2\/posts"}],"about":[{"href":"https:\/\/crucialnuevaepoca.com\/web\/wp-json\/wp\/v2\/types\/post"}],"author":[{"embeddable":true,"href":"https:\/\/crucialnuevaepoca.com\/web\/wp-json\/wp\/v2\/users\/2"}],"replies":[{"embeddable":true,"href":"https:\/\/crucialnuevaepoca.com\/web\/wp-json\/wp\/v2\/comments?post=9642"}],"version-history":[{"count":1,"href":"https:\/\/crucialnuevaepoca.com\/web\/wp-json\/wp\/v2\/posts\/9642\/revisions"}],"predecessor-version":[{"id":9645,"href":"https:\/\/crucialnuevaepoca.com\/web\/wp-json\/wp\/v2\/posts\/9642\/revisions\/9645"}],"wp:featuredmedia":[{"embeddable":true,"href":"https:\/\/crucialnuevaepoca.com\/web\/wp-json\/wp\/v2\/media\/9644"}],"wp:attachment":[{"href":"https:\/\/crucialnuevaepoca.com\/web\/wp-json\/wp\/v2\/media?parent=9642"}],"wp:term":[{"taxonomy":"category","embeddable":true,"href":"https:\/\/crucialnuevaepoca.com\/web\/wp-json\/wp\/v2\/categories?post=9642"},{"taxonomy":"post_tag","embeddable":true,"href":"https:\/\/crucialnuevaepoca.com\/web\/wp-json\/wp\/v2\/tags?post=9642"}],"curies":[{"name":"wp","href":"https:\/\/api.w.org\/{rel}","templated":true}]}}