{"id":9661,"date":"2024-06-28T14:57:19","date_gmt":"2024-06-28T21:57:19","guid":{"rendered":"https:\/\/crucialnuevaepoca.com\/web\/?p=9661"},"modified":"2024-06-28T14:57:20","modified_gmt":"2024-06-28T21:57:20","slug":"congreso-del-estado-de-sinaloa-retira-recurso-de-revision-para-establecer-mesa-de-dialogo-con-la-uas","status":"publish","type":"post","link":"https:\/\/crucialnuevaepoca.com\/web\/2024\/06\/28\/congreso-del-estado-de-sinaloa-retira-recurso-de-revision-para-establecer-mesa-de-dialogo-con-la-uas\/","title":{"rendered":"Congreso del Estado de Sinaloa retira recurso de revisi\u00f3n para establecer mesa de di\u00e1logo con la UAS"},"content":{"rendered":"\n<p>El H. Congreso del Estado de Sinaloa expres\u00f3 su voluntad pol\u00edtica para establecer una mesa de di\u00e1logo en la que se establezcan acuerdos en favor de la comunidad de la Universidad Aut\u00f3noma de Sinaloa (UAS).<\/p>\n\n\n\n<p>Para mostrar esa voluntad y cumplir con ese prop\u00f3sito de construir el di\u00e1logo, retir\u00f3 el recurso de revisi\u00f3n que forma parte del juicio promovido en contra de la sentencia que resolvi\u00f3 el juicio de amparo indirecto 262\/2023 que est\u00e1 en el colegiado con sede en Mazatl\u00e1n, en favor de la posici\u00f3n de las autoridades universitarias.<\/p>\n\n\n\n<p>Los presidentes de la Junta de Coordinaci\u00f3n Pol\u00edtica, diputado Feliciano Castro Mel\u00e9ndrez y de la Mesa Directiva, diputado Ricardo Madrid P\u00e9rez, encabezaron una rueda de prensa celebrada en el Sal\u00f3n \u201cConstituyentes de 1917\u201d, acompa\u00f1ados de diputadas y diputados integrantes de la Sexag\u00e9sima Cuarta Legislatura, para hacer un pronunciamiento que tiene como objeto invitar a establecer el di\u00e1logo a la Universidad Aut\u00f3noma de Sinaloa.<\/p>\n\n\n\n<p>Esta decisi\u00f3n se tom\u00f3, explicaron, con el fin de que las valoraciones jur\u00eddicas futuras, no sean un elemento de retraso o dilaci\u00f3n para el tema fundamental que es desarrollo de la vida institucional de la Universidad Aut\u00f3noma de Sinaloa.<\/p>\n\n\n\n<p>El diputado Feliciano Castro Mel\u00e9ndrez se\u00f1al\u00f3 que desde el H. Congreso del Estado se manifiesta la voluntad pol\u00edtica para construir acuerdos en relaci\u00f3n al proceso que se ha venido desarrollando con respecto a la reforma de la Ley Org\u00e1nica de la Universidad Aut\u00f3noma de Sinaloa.<\/p>\n\n\n\n<p>Sostuvo que se trata de un paso significativo que representa una invitaci\u00f3n a la UAS para establecer una mesa de di\u00e1logo en la que se construyan acuerdos poniendo en el centro el inter\u00e9s de la m\u00e1xima casa de estudios con la convicci\u00f3n de que el destino de la instituci\u00f3n deber\u00e1 estar en manos de los propios universitarios.<\/p>\n\n\n\n<p>En la conferencia de prensa, en la que mostraron el documento presentado en el colegiado la tarde del 27 de junio a las 5:17 p.m., ratificaron su respeto irrestricto a la autonom\u00eda universitaria y precisaron que esta decisi\u00f3n fue tomada con el prop\u00f3sito de establecer un di\u00e1logo con la Comunidad Universitaria de la Universidad Aut\u00f3noma de Sinaloa.<\/p>\n\n\n\n<p>\u201cConvencidos de que el dialogo representa un elemento fundamental en la democracia, y junto con la legalidad, la justicia y el respeto a los derechos humanos, deben de ser considerados como uno de los pilares fundamentales de la convivencia social\u201d, manifest\u00f3 el diputado Ricardo Madrid al leer el comunicado.<\/p>\n\n\n\n<p>Se\u00f1alaron que bajo estos principios rectores, el Poder Legislativo Sinaloense manifiesta su voluntad de establecer un di\u00e1logo en lo que a \u00e9ste le compete, en busca de generar las mejores condiciones posibles para la Universidad Aut\u00f3noma de Sinaloa y la comunidad que la integra.<\/p>\n\n\n\n<p>Subrayaron que esto se realiza dejando de lado los razonamientos jur\u00eddicos que siempre ha tenido esta Legislatura, con un soporte constitucional s\u00f3lido, con la \u00fanica finalidad de poner en el centro de las valoraciones a la UAS.<\/p>\n\n\n\n<p>\u201cInvariablemente asumimos que el destino de la Universidad Aut\u00f3noma de Sinaloa debe estar en manos de los propios universitarios\u201d, concluyeron.<\/p>\n","protected":false},"excerpt":{"rendered":"<p>El H. Congreso del Estado de Sinaloa expres\u00f3 su voluntad pol\u00edtica para establecer una mesa de di\u00e1logo en la que se establezcan acuerdos en favor de la comunidad de la Universidad Aut\u00f3noma de Sinaloa (UAS). Para mostrar esa voluntad y cumplir con ese prop\u00f3sito de construir el di\u00e1logo, retir\u00f3 el recurso de revisi\u00f3n que forma [&hellip;]<\/p>\n","protected":false},"author":2,"featured_media":9663,"comment_status":"open","ping_status":"open","sticky":false,"template":"","format":"standard","meta":{"footnotes":""},"categories":[281,93],"tags":[1566,278,40,13,546],"class_list":["post-9661","post","type-post","status-publish","format-standard","has-post-thumbnail","hentry","category-congreso-de-sinaloa","category-principales","tag-autonomia-universitaria","tag-congreso-de-sinaloa","tag-sinaloa","tag-uas","tag-universidad-autonoma-de-sinaloa"],"aioseo_notices":[],"_links":{"self":[{"href":"https:\/\/crucialnuevaepoca.com\/web\/wp-json\/wp\/v2\/posts\/9661","targetHints":{"allow":["GET"]}}],"collection":[{"href":"https:\/\/crucialnuevaepoca.com\/web\/wp-json\/wp\/v2\/posts"}],"about":[{"href":"https:\/\/crucialnuevaepoca.com\/web\/wp-json\/wp\/v2\/types\/post"}],"author":[{"embeddable":true,"href":"https:\/\/crucialnuevaepoca.com\/web\/wp-json\/wp\/v2\/users\/2"}],"replies":[{"embeddable":true,"href":"https:\/\/crucialnuevaepoca.com\/web\/wp-json\/wp\/v2\/comments?post=9661"}],"version-history":[{"count":1,"href":"https:\/\/crucialnuevaepoca.com\/web\/wp-json\/wp\/v2\/posts\/9661\/revisions"}],"predecessor-version":[{"id":9664,"href":"https:\/\/crucialnuevaepoca.com\/web\/wp-json\/wp\/v2\/posts\/9661\/revisions\/9664"}],"wp:featuredmedia":[{"embeddable":true,"href":"https:\/\/crucialnuevaepoca.com\/web\/wp-json\/wp\/v2\/media\/9663"}],"wp:attachment":[{"href":"https:\/\/crucialnuevaepoca.com\/web\/wp-json\/wp\/v2\/media?parent=9661"}],"wp:term":[{"taxonomy":"category","embeddable":true,"href":"https:\/\/crucialnuevaepoca.com\/web\/wp-json\/wp\/v2\/categories?post=9661"},{"taxonomy":"post_tag","embeddable":true,"href":"https:\/\/crucialnuevaepoca.com\/web\/wp-json\/wp\/v2\/tags?post=9661"}],"curies":[{"name":"wp","href":"https:\/\/api.w.org\/{rel}","templated":true}]}}