{"id":9665,"date":"2024-06-28T15:00:20","date_gmt":"2024-06-28T22:00:20","guid":{"rendered":"https:\/\/crucialnuevaepoca.com\/web\/?p=9665"},"modified":"2024-06-28T15:00:21","modified_gmt":"2024-06-28T22:00:21","slug":"desistimiento-del-congreso-demuestra-que-la-uas-siempre-tuvo-la-razon-defendiendo-su-autonomia-senala-robespierre-lizarraga-confirma-comunicacion-con-la-segob","status":"publish","type":"post","link":"https:\/\/crucialnuevaepoca.com\/web\/2024\/06\/28\/desistimiento-del-congreso-demuestra-que-la-uas-siempre-tuvo-la-razon-defendiendo-su-autonomia-senala-robespierre-lizarraga-confirma-comunicacion-con-la-segob\/","title":{"rendered":"Desistimiento del Congreso demuestra que la UAS siempre tuvo la raz\u00f3n defendiendo su autonom\u00eda, se\u00f1ala Robespierre Liz\u00e1rraga; confirma comunicaci\u00f3n con la SEGOB"},"content":{"rendered":"\n<p>El desistimiento del H. Congreso del Estado del recurso de revisi\u00f3n de la sentencia a favor de la Universidad Aut\u00f3noma de Sinaloa (UAS), en torno al tema de la Ley de Educaci\u00f3n Superior del Estado de Sinaloa, demuestra que esta m\u00e1xima Casa de Estudios siempre tuvo la raz\u00f3n al expresar que dicha Ley conten\u00eda art\u00edculos que violentaban la Autonom\u00eda Universitaria.<\/p>\n\n\n\n<p>\u201cCon ese desistimiento se confirma la postura de la Universidad, que estaba defendiendo en todo momento su Autonom\u00eda Universitaria; evidentemente es un triunfo legal para la Universidad, hay que decirlo, la Universidad ratifica su postura de tener raz\u00f3n, pero no es un asunto acabado, esto debe de seguir y deben resolverse las causas penales de todos los involucrados (\u2026)\u201d, expres\u00f3 el Encargado del Despacho de Rector\u00eda, doctor Robespierre Liz\u00e1rraga Otero.<\/p>\n\n\n\n<p>Opin\u00f3 que lo asumen como un acatamiento a la instrucci\u00f3n del Presidente de la Rep\u00fablica de que en el tema de la Universidad y Gobierno del Estado ten\u00eda que trabajarse para la reconciliaci\u00f3n, lo que implica privilegiar el di\u00e1logo y el acuerdo algo que constantemente la Universidad ha estado convocando.<\/p>\n\n\n\n<p>Indic\u00f3 que tendr\u00e1n que corroborar que se haya realizado en realidad el desistimiento, en qu\u00e9 sentido y que alcance legal tiene y adem\u00e1s tener plena certeza de que la sentencia a favor de la Universidad ha quedado firme y eso es importante porque \u201cno hace otra cosa m\u00e1s que ratificar que la Universidad siempre se manej\u00f3 con la verdad y siempre tuvo la raz\u00f3n legal de su lado\u201d.<\/p>\n\n\n\n<p>\u201cEsto no se agota nada m\u00e1s con este desistimiento o esta declaraci\u00f3n (\u2026) es parte de un proceso legal y que en este proceso legal tiene que agotarse en una Reforma que simple y sencillamente est\u00e9 alineada con la Ley General de Educaci\u00f3n Superior y con el Art\u00edculo Tercero Constitucional\u201d, dijo.<\/p>\n\n\n\n<p>Explic\u00f3 que, derivado de la defensa de la Autonom\u00eda Universitaria y de la promoci\u00f3n de ese amparo se desat\u00f3 una persecuci\u00f3n pol\u00edtica en contra de quienes defendieron la postura de la Universidad, las causas penales que se siguen en contra de universitarios en los juzgados penales de Sinaloa forman parte del mismo conflicto, por ello se tiene que ver el tema de los derechos humanos de los universitarios perseguidos pol\u00edticamente, la situaci\u00f3n legal del Rector Titular separado ilegalmente y confirmar que la Autonom\u00eda Universitaria no vaya a ser trastocada por ning\u00fan motivo.<\/p>\n\n\n\n<p>\u201cNosotros estamos en plena disposici\u00f3n en atender el llamado del Presidente de la Rep\u00fablica, ellos tambi\u00e9n como parte del Gobierno del Estado est\u00e1n conminados a lo mismo, a atender la instrucci\u00f3n del Presidente, as\u00ed asumimos esta acci\u00f3n y nosotros continuaremos con nuestra postura de defensa pero siempre con la apertura al di\u00e1logo y al entendimiento\u201d, reiter\u00f3.<\/p>\n\n\n\n<p>Agreg\u00f3 que los legisladores se \u201cadelantaron\u201d a algo que por su propio peso iba a caer, donde la Universidad iba a terminar teniendo la raz\u00f3n en el litigio de la Ley Estatal de Educaci\u00f3n Superior y adelantarse puede ser una muestra de que la Universidad ten\u00eda la raz\u00f3n y puede ser un paso para atender y resolver otras cosas como son las causas penales.<\/p>\n\n\n\n<p>Agreg\u00f3 que seguir\u00e1n convocando el pacto social para involucrar a la comunidad universitaria, padres de familia, sectores de la sociedad civil en pro de la Universidad. Asimismo, inform\u00f3 que este viernes por la ma\u00f1ana mantuvo comunicaci\u00f3n con personal de la Secretar\u00eda de Gobernaci\u00f3n, a cargo de Luisa Mar\u00eda Alcalde, con miras a una reconciliaci\u00f3n en el conflicto entre Gobierno del Estado y UAS, donde le pidieron seguir atento y en espera de las indicaciones que se les den y en el af\u00e1n de buscar esa conciliaci\u00f3n es que a trav\u00e9s de la titular de la SEPyC, Graciela Dom\u00ednguez Nava, se hizo ese llamado respetuoso al Gobernador.<\/p>\n","protected":false},"excerpt":{"rendered":"<p>El desistimiento del H. Congreso del Estado del recurso de revisi\u00f3n de la sentencia a favor de la Universidad Aut\u00f3noma de Sinaloa (UAS), en torno al tema de la Ley de Educaci\u00f3n Superior del Estado de Sinaloa, demuestra que esta m\u00e1xima Casa de Estudios siempre tuvo la raz\u00f3n al expresar que dicha Ley conten\u00eda art\u00edculos [&hellip;]<\/p>\n","protected":false},"author":2,"featured_media":9662,"comment_status":"open","ping_status":"open","sticky":false,"template":"","format":"standard","meta":{"footnotes":""},"categories":[122,93],"tags":[2037,2668,633,40,13,546],"class_list":["post-9665","post","type-post","status-publish","format-standard","has-post-thumbnail","hentry","category-educacion","category-principales","tag-defensa-de-la-autonomia-universitaria","tag-desistimiento","tag-robespierre-lizarraga","tag-sinaloa","tag-uas","tag-universidad-autonoma-de-sinaloa"],"aioseo_notices":[],"_links":{"self":[{"href":"https:\/\/crucialnuevaepoca.com\/web\/wp-json\/wp\/v2\/posts\/9665","targetHints":{"allow":["GET"]}}],"collection":[{"href":"https:\/\/crucialnuevaepoca.com\/web\/wp-json\/wp\/v2\/posts"}],"about":[{"href":"https:\/\/crucialnuevaepoca.com\/web\/wp-json\/wp\/v2\/types\/post"}],"author":[{"embeddable":true,"href":"https:\/\/crucialnuevaepoca.com\/web\/wp-json\/wp\/v2\/users\/2"}],"replies":[{"embeddable":true,"href":"https:\/\/crucialnuevaepoca.com\/web\/wp-json\/wp\/v2\/comments?post=9665"}],"version-history":[{"count":1,"href":"https:\/\/crucialnuevaepoca.com\/web\/wp-json\/wp\/v2\/posts\/9665\/revisions"}],"predecessor-version":[{"id":9666,"href":"https:\/\/crucialnuevaepoca.com\/web\/wp-json\/wp\/v2\/posts\/9665\/revisions\/9666"}],"wp:featuredmedia":[{"embeddable":true,"href":"https:\/\/crucialnuevaepoca.com\/web\/wp-json\/wp\/v2\/media\/9662"}],"wp:attachment":[{"href":"https:\/\/crucialnuevaepoca.com\/web\/wp-json\/wp\/v2\/media?parent=9665"}],"wp:term":[{"taxonomy":"category","embeddable":true,"href":"https:\/\/crucialnuevaepoca.com\/web\/wp-json\/wp\/v2\/categories?post=9665"},{"taxonomy":"post_tag","embeddable":true,"href":"https:\/\/crucialnuevaepoca.com\/web\/wp-json\/wp\/v2\/tags?post=9665"}],"curies":[{"name":"wp","href":"https:\/\/api.w.org\/{rel}","templated":true}]}}