{"id":973,"date":"2022-01-08T15:21:03","date_gmt":"2022-01-08T22:21:03","guid":{"rendered":"http:\/\/crucialnuevaepoca.com\/web\/?p=973"},"modified":"2022-01-08T15:21:05","modified_gmt":"2022-01-08T22:21:05","slug":"gobierno-incluyente-y-abierto-a-todas-las-voces-ofrece-el-gobernador-rocha","status":"publish","type":"post","link":"https:\/\/crucialnuevaepoca.com\/web\/2022\/01\/08\/gobierno-incluyente-y-abierto-a-todas-las-voces-ofrece-el-gobernador-rocha\/","title":{"rendered":"GOBIERNO INCLUYENTE Y ABIERTO A TODAS LAS VOCES OFRECE EL GOBERNADOR ROCHA"},"content":{"rendered":"\n<p>Mazatl\u00e1n, Sinaloa &#8211; En lo que fue un ejercicio de apertura y pluralidad el gobernador Rub\u00e9n Rocha Moya se reuni\u00f3 la ma\u00f1ana de este s\u00e1bado en Mazatl\u00e1n, con ciudadanas y ciudadanos encabezados por Fernando Pucheta S\u00e1nchez, quien fuera candidato a la alcald\u00eda de Mazatl\u00e1n en el pasado proceso electoral.<\/p>\n\n\n\n<p>El encuentro se realiz\u00f3 a solicitud de Pucheta S\u00e1nchez, invitaci\u00f3n que fue atendida por el mandatario estatal quien ha refrendado su compromiso de hacer un gobierno incluyente donde se escuchen todas las voces que quieran trabajar por el bienestar de Sinaloa, tal y como lo viene haciendo este grupo de ciudadanas y ciudadanos mazatlecos.<\/p>\n\n\n\n<p>Rocha mencion\u00f3 que es importante sumar esfuerzos de todos quienes se encuentren trabajando para el desarrollo del estado, como en este caso lo hacen Fernando Pucheta y ciudadanos ah\u00ed presentes.<\/p>\n\n\n\n<p>\u201cSon amigos sinaloenses mazatlecos que me invitaron a estar con ellos y tienen alma, gu\u00eda\u2026 Fernando Pucheta, es mi amigo desde hace mucho y quise venir aqu\u00ed a refrendarle mi amistad y a todos los que son del grupo este\u201d, explic\u00f3 el mandatario estatal.<\/p>\n\n\n\n<p>Por su parte Fernando Pucheta asegur\u00f3 que todos como ciudadanos tienen la responsabilidad de contribuir con el gobierno, y sent\u00f3 que los amigos del progreso siempre tienen que estar unidos.<\/p>\n\n\n\n<p>Pucheta S\u00e1nchez dijo que es tiempo en los que se deben sumar a los esfuerzos del gobernador Rocha en su inter\u00e9s de sacar adelante a Sinaloa de la mejor manera.<\/p>\n\n\n\n<p>\u201cHay que sumarnos a los esfuerzos de un hombre que hoy lucha por sacar adelante a Sinaloa\u2026 Un reconocimiento para usted, se\u00f1or Gobernador, lo necesitamos, usted puede contar con todo este equipo de muchos j\u00f3venes profesionistas\u2026 pero m\u00e1s importante, aqu\u00ed hay gente que tiene coraz\u00f3n\u201d, dijo.<\/p>\n","protected":false},"excerpt":{"rendered":"<p>Mazatl\u00e1n, Sinaloa &#8211; En lo que fue un ejercicio de apertura y pluralidad el gobernador Rub\u00e9n Rocha Moya se reuni\u00f3 la ma\u00f1ana de este s\u00e1bado en Mazatl\u00e1n, con ciudadanas y ciudadanos encabezados por Fernando Pucheta S\u00e1nchez, quien fuera candidato a la alcald\u00eda de Mazatl\u00e1n en el pasado proceso electoral. El encuentro se realiz\u00f3 a solicitud [&hellip;]<\/p>\n","protected":false},"author":2,"featured_media":971,"comment_status":"open","ping_status":"open","sticky":false,"template":"","format":"standard","meta":{"footnotes":""},"categories":[93,30],"tags":[303,188,38],"class_list":["post-973","post","type-post","status-publish","format-standard","has-post-thumbnail","hentry","category-principales","category-sinaloa","tag-gobierno-incluyente","tag-mazatlan-2","tag-rocha-moya"],"aioseo_notices":[],"_links":{"self":[{"href":"https:\/\/crucialnuevaepoca.com\/web\/wp-json\/wp\/v2\/posts\/973","targetHints":{"allow":["GET"]}}],"collection":[{"href":"https:\/\/crucialnuevaepoca.com\/web\/wp-json\/wp\/v2\/posts"}],"about":[{"href":"https:\/\/crucialnuevaepoca.com\/web\/wp-json\/wp\/v2\/types\/post"}],"author":[{"embeddable":true,"href":"https:\/\/crucialnuevaepoca.com\/web\/wp-json\/wp\/v2\/users\/2"}],"replies":[{"embeddable":true,"href":"https:\/\/crucialnuevaepoca.com\/web\/wp-json\/wp\/v2\/comments?post=973"}],"version-history":[{"count":1,"href":"https:\/\/crucialnuevaepoca.com\/web\/wp-json\/wp\/v2\/posts\/973\/revisions"}],"predecessor-version":[{"id":974,"href":"https:\/\/crucialnuevaepoca.com\/web\/wp-json\/wp\/v2\/posts\/973\/revisions\/974"}],"wp:featuredmedia":[{"embeddable":true,"href":"https:\/\/crucialnuevaepoca.com\/web\/wp-json\/wp\/v2\/media\/971"}],"wp:attachment":[{"href":"https:\/\/crucialnuevaepoca.com\/web\/wp-json\/wp\/v2\/media?parent=973"}],"wp:term":[{"taxonomy":"category","embeddable":true,"href":"https:\/\/crucialnuevaepoca.com\/web\/wp-json\/wp\/v2\/categories?post=973"},{"taxonomy":"post_tag","embeddable":true,"href":"https:\/\/crucialnuevaepoca.com\/web\/wp-json\/wp\/v2\/tags?post=973"}],"curies":[{"name":"wp","href":"https:\/\/api.w.org\/{rel}","templated":true}]}}