{"id":975,"date":"2022-01-10T12:46:36","date_gmt":"2022-01-10T19:46:36","guid":{"rendered":"http:\/\/crucialnuevaepoca.com\/web\/?p=975"},"modified":"2022-01-10T12:46:38","modified_gmt":"2022-01-10T19:46:38","slug":"rocha-anuncia-el-programa-transformacion-de-comunidades","status":"publish","type":"post","link":"https:\/\/crucialnuevaepoca.com\/web\/2022\/01\/10\/rocha-anuncia-el-programa-transformacion-de-comunidades\/","title":{"rendered":"ROCHA ANUNCIA EL PROGRAMA TRANSFORMACI\u00d3N DE COMUNIDADES"},"content":{"rendered":"\n<p>Culiac\u00e1n, Sinaloa &#8211; Durante su Conferencia Semanera, el gobernador Rub\u00e9n Rocha Moya anunci\u00f3 la implementaci\u00f3n del Programa Transformaci\u00f3n de Comunidades, el cual estar\u00e1 enfocado a atender de manera integral poblaciones con altos \u00edndices de marginalidad, como son los campos agr\u00edcolas y las comunidades donde vienen a vivir temporalmente los jornaleros para trabajar en las temporadas hort\u00edcolas en los valles, atenci\u00f3n que tambi\u00e9n se llevar\u00e1 en una segunda fase a los campos pesqueros.<\/p>\n\n\n\n<p>El gobernador Rocha se hizo acompa\u00f1ar por los secretarios de su gabinete que tienen injerencia en este programa, pues ya le presentaron un diagn\u00f3stico de la situaci\u00f3n que prevalece en los campos agr\u00edcolas y comunidades de concentraci\u00f3n de jornaleros, pues ser\u00e1 en estos lugares donde iniciar\u00e1 este programa, por ser donde existen \u201cfocos rojos\u201d tanto en \u00edndices de inseguridad, de violencia intrafamiliar y en el rubro de servicios p\u00fablicos.<\/p>\n\n\n\n<p>\u201cEntonces, hemos hecho un diagn\u00f3stico, ya los secretarios han hecho un diagn\u00f3stico y hay una relaci\u00f3n pormenorizada que tiene que ver con los temas generales, cu\u00e1les son las incidencias que tienen impacto com\u00fan en las diferentes concentraciones de poblaci\u00f3n de trabajadores y que tenemos que atenderlas. Hay una serie de temas que tienen que ver con el problema de Registro Civil, regularizaci\u00f3n de trabajo, por ejemplo, en el caso de estos camiones urbanos que les dec\u00eda, debe haber cierto control para eso. Eso no est\u00e1 controlado por la Direcci\u00f3n de Vialidad, hay una serie de temas legales, la regularizaci\u00f3n del uso de suelo, etc\u00e9tera, en los cuales hay que apoyar a la gente, no es una cosa menor\u201d, explic\u00f3.<\/p>\n\n\n\n<p>Se refiri\u00f3 particularmente al caso de la sindicatura de Villa Ju\u00e1rez, en el municipio de Navolato, donde radica una gran cantidad de trabajadores de los campos agr\u00edcolas, que no viven propiamente en sus sitios de trabajo, y eso genera la necesidad de atenci\u00f3n de servicios b\u00e1sicos en estos lugares que toman como residencia temporal.<\/p>\n\n\n\n<p>Por ello, dijo que en el diagn\u00f3stico que se hizo se incluy\u00f3 el tema de infraestructura urbana, como es la rehabilitaci\u00f3n y pavimentaci\u00f3n de calles, reparaci\u00f3n de sem\u00e1foros y del alumbrado p\u00fablico, pues es sabido que la oscuridad es una condici\u00f3n para la comisi\u00f3n de delitos. Tambi\u00e9n se consider\u00f3 la necesidad de mejorar los espacios p\u00fablicos, como los parques existentes, y la posibilidad de habilitar ciertos parques lineales donde existen los espacios de oportunidad.<\/p>\n\n\n\n<figure class=\"wp-block-image size-full\"><img fetchpriority=\"high\" decoding=\"async\" width=\"850\" height=\"506\" src=\"http:\/\/crucialnuevaepoca.com\/web\/wp-content\/uploads\/2022\/01\/31-1.jpg\" alt=\"\" class=\"wp-image-976\" srcset=\"https:\/\/crucialnuevaepoca.com\/web\/wp-content\/uploads\/2022\/01\/31-1.jpg 850w, https:\/\/crucialnuevaepoca.com\/web\/wp-content\/uploads\/2022\/01\/31-1-300x179.jpg 300w, https:\/\/crucialnuevaepoca.com\/web\/wp-content\/uploads\/2022\/01\/31-1-768x457.jpg 768w\" sizes=\"(max-width: 850px) 100vw, 850px\" \/><\/figure>\n\n\n\n<p>\u201cLuego, tenemos los problemas de medio ambiente, ah\u00ed van a concurrir muchas cosas, ya lo dec\u00edamos aqu\u00ed el tema de la salubridad sobre todo en las \u00e1reas aqu\u00ed, por ejemplo, la limpieza de calles, espacios peatonales, la recolecci\u00f3n de basura, equipamiento de camiones, mejoramiento de sitios de disposici\u00f3n de basura y programas para cuidados del agua, estrategias para reducir contaminaci\u00f3n por agroqu\u00edmicos, reforestaci\u00f3n en calles, parques, canales por se\u00f1alar algunos casos\u201d, a\u00f1adi\u00f3.<\/p>\n\n\n\n<p>El gobernador Rocha precis\u00f3 que este Programa de Transformaci\u00f3n de Comunidades, que se implementar\u00e1 en su primera fase en los campos agr\u00edcolas, deber\u00e1 contar con la sinergia de los agricultores, lo cual no consider\u00f3 un problema porque dijo que afortunadamente siempre ha existido esa disposici\u00f3n de los propietarios de los campos.<\/p>\n\n\n\n<p>En el \u00e1mbito educativo, adelant\u00f3 que tambi\u00e9n se implementar\u00e1 el Programa La Escuela es Nuestra, con una variante como es la educaci\u00f3n biling\u00fce, para impartir clases a los ni\u00f1os migrantes tambi\u00e9n en su lengua de origen.<\/p>\n\n\n\n<p>\u201cLo que he querido decirles es que tenemos, incluso, determinado la poblaci\u00f3n a la que hay que atender, hombres y mujeres. Tenemos un 50 por ciento de hombres, un 50.42, tenemos 49.58 de mujeres, por ser un \u00e1rea de trabajo. Eso lo quer\u00eda presentar como un avance a este trabajo que queremos enfocarnos. Tambi\u00e9n les dije que vamos a tratar los campos pesqueros, por lo pronto vamos a ver el tema de los campos agr\u00edcolas, por el fatal campanazo que nos dio la ni\u00f1a que fue asesinada\u201d, concluy\u00f3.<\/p>\n\n\n\n<figure class=\"wp-block-image size-full\"><img decoding=\"async\" width=\"850\" height=\"566\" src=\"http:\/\/crucialnuevaepoca.com\/web\/wp-content\/uploads\/2022\/01\/21-4.jpg\" alt=\"\" class=\"wp-image-978\" srcset=\"https:\/\/crucialnuevaepoca.com\/web\/wp-content\/uploads\/2022\/01\/21-4.jpg 850w, https:\/\/crucialnuevaepoca.com\/web\/wp-content\/uploads\/2022\/01\/21-4-300x200.jpg 300w, https:\/\/crucialnuevaepoca.com\/web\/wp-content\/uploads\/2022\/01\/21-4-768x511.jpg 768w\" sizes=\"(max-width: 850px) 100vw, 850px\" \/><\/figure>\n\n\n\n<p>Para el anuncio de este programa el gobernador Rocha se hizo acompa\u00f1ar en la Conferencia Semanera por los colaboradores que participar\u00e1n directamente en el mismo, como son la secretaria del Bienestar y Desarrollo Sustentable, Ruth D\u00edaz Gurr\u00eda; la secretaria de las Mujeres, Tere Guerra Ochoa; el secretario de Seguridad P\u00fablica, Crist\u00f3bal Casta\u00f1eda Camarillo; el secretario de Econom\u00eda, Javier Gaxiola Coppel; el director del DIF, Cuitl\u00e1huac Gonz\u00e1lez; el director del ISIC, Juan Salvador Avil\u00e9s Ochoa; e invit\u00f3 tambi\u00e9n al delegado de Programas Sociales para el Desarrollo, Juan de Dios G\u00e1mez Mend\u00edvil.<\/p>\n","protected":false},"excerpt":{"rendered":"<p>Culiac\u00e1n, Sinaloa &#8211; Durante su Conferencia Semanera, el gobernador Rub\u00e9n Rocha Moya anunci\u00f3 la implementaci\u00f3n del Programa Transformaci\u00f3n de Comunidades, el cual estar\u00e1 enfocado a atender de manera integral poblaciones con altos \u00edndices de marginalidad, como son los campos agr\u00edcolas y las comunidades donde vienen a vivir temporalmente los jornaleros para trabajar en las temporadas [&hellip;]<\/p>\n","protected":false},"author":2,"featured_media":977,"comment_status":"open","ping_status":"open","sticky":false,"template":"","format":"standard","meta":{"footnotes":""},"categories":[93,30],"tags":[38,138],"class_list":["post-975","post","type-post","status-publish","format-standard","has-post-thumbnail","hentry","category-principales","category-sinaloa","tag-rocha-moya","tag-semanera"],"aioseo_notices":[],"_links":{"self":[{"href":"https:\/\/crucialnuevaepoca.com\/web\/wp-json\/wp\/v2\/posts\/975","targetHints":{"allow":["GET"]}}],"collection":[{"href":"https:\/\/crucialnuevaepoca.com\/web\/wp-json\/wp\/v2\/posts"}],"about":[{"href":"https:\/\/crucialnuevaepoca.com\/web\/wp-json\/wp\/v2\/types\/post"}],"author":[{"embeddable":true,"href":"https:\/\/crucialnuevaepoca.com\/web\/wp-json\/wp\/v2\/users\/2"}],"replies":[{"embeddable":true,"href":"https:\/\/crucialnuevaepoca.com\/web\/wp-json\/wp\/v2\/comments?post=975"}],"version-history":[{"count":2,"href":"https:\/\/crucialnuevaepoca.com\/web\/wp-json\/wp\/v2\/posts\/975\/revisions"}],"predecessor-version":[{"id":980,"href":"https:\/\/crucialnuevaepoca.com\/web\/wp-json\/wp\/v2\/posts\/975\/revisions\/980"}],"wp:featuredmedia":[{"embeddable":true,"href":"https:\/\/crucialnuevaepoca.com\/web\/wp-json\/wp\/v2\/media\/977"}],"wp:attachment":[{"href":"https:\/\/crucialnuevaepoca.com\/web\/wp-json\/wp\/v2\/media?parent=975"}],"wp:term":[{"taxonomy":"category","embeddable":true,"href":"https:\/\/crucialnuevaepoca.com\/web\/wp-json\/wp\/v2\/categories?post=975"},{"taxonomy":"post_tag","embeddable":true,"href":"https:\/\/crucialnuevaepoca.com\/web\/wp-json\/wp\/v2\/tags?post=975"}],"curies":[{"name":"wp","href":"https:\/\/api.w.org\/{rel}","templated":true}]}}