{"id":984,"date":"2022-01-10T16:25:41","date_gmt":"2022-01-10T23:25:41","guid":{"rendered":"http:\/\/crucialnuevaepoca.com\/web\/?p=984"},"modified":"2022-01-10T16:25:43","modified_gmt":"2022-01-10T23:25:43","slug":"trabajos-de-pavimentacion-de-calle-en-culiacancito-registran-un-50-de-avance","status":"publish","type":"post","link":"https:\/\/crucialnuevaepoca.com\/web\/2022\/01\/10\/trabajos-de-pavimentacion-de-calle-en-culiacancito-registran-un-50-de-avance\/","title":{"rendered":"TRABAJOS DE PAVIMENTACI\u00d3N DE CALLE EN CULIACANCITO REGISTRAN UN 50 % DE AVANCE"},"content":{"rendered":"\n<p>El Gobierno de Culiac\u00e1n, a trav\u00e9s de la Secretar\u00eda de Obras y Servicios P\u00fablicos, lleva a cabo los trabajos correspondientes a la pavimentaci\u00f3n de la calle Capule de la comisar\u00eda Bellavista, sindicatura de Culiacancito.<\/p>\n\n\n\n<p>Esto como parte del compromiso que el alcalde, Lic. Jes\u00fas Estrada Ferreiro, que asumi\u00f3 desde el inicio de su administraci\u00f3n con el prop\u00f3sito de mejorar el bienestar social con obras y servicios p\u00fablicos de calidad.<\/p>\n\n\n\n<p>Actualmente, personal de la secretar\u00eda trabaja en la adaptaci\u00f3n del terreno, as\u00ed como tambi\u00e9n en la edificaci\u00f3n de banquetas y guarniciones, registrando un avance del 50 por ciento por dichos conceptos.<\/p>\n\n\n\n<p>La vialidad tiene una longitud de 680 metros lineales con un ancho aproximado de 8 metros; la aplicaci\u00f3n del material para su pavimentaci\u00f3n ser\u00e1 de concreto asf\u00e1ltico tipo mortero.<\/p>\n\n\n\n<p>Se espera que los trabajos concluyan el pr\u00f3ximo mes, cumpliendo as\u00ed el anhelo de los habitantes y vecinos de dicha comunidad, quienes desde hace a\u00f1os esperaban esta importante obra de seguridad vial y salud p\u00fablica.<\/p>\n","protected":false},"excerpt":{"rendered":"<p>El Gobierno de Culiac\u00e1n, a trav\u00e9s de la Secretar\u00eda de Obras y Servicios P\u00fablicos, lleva a cabo los trabajos correspondientes a la pavimentaci\u00f3n de la calle Capule de la comisar\u00eda Bellavista, sindicatura de Culiacancito. Esto como parte del compromiso que el alcalde, Lic. Jes\u00fas Estrada Ferreiro, que asumi\u00f3 desde el inicio de su administraci\u00f3n con [&hellip;]<\/p>\n","protected":false},"author":2,"featured_media":986,"comment_status":"open","ping_status":"open","sticky":false,"template":"","format":"standard","meta":{"footnotes":""},"categories":[27,93],"tags":[293,205,305,306],"class_list":["post-984","post","type-post","status-publish","format-standard","has-post-thumbnail","hentry","category-local","category-principales","tag-ayuntamiento-de-culiacan","tag-culiacancito","tag-obras-y-servicios-publicos","tag-pavimentacion"],"aioseo_notices":[],"_links":{"self":[{"href":"https:\/\/crucialnuevaepoca.com\/web\/wp-json\/wp\/v2\/posts\/984","targetHints":{"allow":["GET"]}}],"collection":[{"href":"https:\/\/crucialnuevaepoca.com\/web\/wp-json\/wp\/v2\/posts"}],"about":[{"href":"https:\/\/crucialnuevaepoca.com\/web\/wp-json\/wp\/v2\/types\/post"}],"author":[{"embeddable":true,"href":"https:\/\/crucialnuevaepoca.com\/web\/wp-json\/wp\/v2\/users\/2"}],"replies":[{"embeddable":true,"href":"https:\/\/crucialnuevaepoca.com\/web\/wp-json\/wp\/v2\/comments?post=984"}],"version-history":[{"count":1,"href":"https:\/\/crucialnuevaepoca.com\/web\/wp-json\/wp\/v2\/posts\/984\/revisions"}],"predecessor-version":[{"id":987,"href":"https:\/\/crucialnuevaepoca.com\/web\/wp-json\/wp\/v2\/posts\/984\/revisions\/987"}],"wp:featuredmedia":[{"embeddable":true,"href":"https:\/\/crucialnuevaepoca.com\/web\/wp-json\/wp\/v2\/media\/986"}],"wp:attachment":[{"href":"https:\/\/crucialnuevaepoca.com\/web\/wp-json\/wp\/v2\/media?parent=984"}],"wp:term":[{"taxonomy":"category","embeddable":true,"href":"https:\/\/crucialnuevaepoca.com\/web\/wp-json\/wp\/v2\/categories?post=984"},{"taxonomy":"post_tag","embeddable":true,"href":"https:\/\/crucialnuevaepoca.com\/web\/wp-json\/wp\/v2\/tags?post=984"}],"curies":[{"name":"wp","href":"https:\/\/api.w.org\/{rel}","templated":true}]}}