{"id":9898,"date":"2024-09-04T12:01:14","date_gmt":"2024-09-04T19:01:14","guid":{"rendered":"https:\/\/crucialnuevaepoca.com\/web\/?p=9898"},"modified":"2024-09-04T12:01:15","modified_gmt":"2024-09-04T19:01:15","slug":"invitan-a-comerciantes-a-participar-en-la-campana-de-descuentos-y-promociones-por-el-493-aniversario-de-culiacan","status":"publish","type":"post","link":"https:\/\/crucialnuevaepoca.com\/web\/2024\/09\/04\/invitan-a-comerciantes-a-participar-en-la-campana-de-descuentos-y-promociones-por-el-493-aniversario-de-culiacan\/","title":{"rendered":"Invitan a comerciantes a participar en la campa\u00f1a de Descuentos y Promociones por el 493 Aniversario de Culiac\u00e1n"},"content":{"rendered":"\n<p><strong><em>Culiac\u00e1n, Sin.<\/em><\/strong> &#8211; La Secretar\u00eda de Desarrollo Econ\u00f3mico de Culiac\u00e1n, ha lanzado una invitaci\u00f3n a todos los comerciantes locales para unirse a la campa\u00f1a de Descuentos y Promociones en el marco del 493 aniversario de la ciudad.<\/p>\n\n\n\n<p>Esta iniciativa busca incentivar la econom\u00eda local y fomentar el flujo comercial durante las celebraciones, con el objetivo de superar a los 350 participantes registrados el a\u00f1o anterior.<\/p>\n\n\n\n<p>En este sentido, Janet Faviola Tostado Noriega, titular de dicha Secretar\u00eda, detall\u00f3 que la campa\u00f1a de registro comienza a partir de hoy y se extiende hasta el s\u00e1bado 21 de septiembre, durante este periodo, los comerciantes podr\u00e1n registrarse mediante un c\u00f3digo QR que estar\u00e1 disponible desde hoy, el registro permitir\u00e1 a los establecimientos incluir sus datos y especificar las promociones que ofrecer\u00e1n durante el festival de descuentos.<\/p>\n\n\n\n<p>\u201cLos comercios que se sumen a la campa\u00f1a tendr\u00e1n un distintivo visible al exterior, incluyendo un c\u00f3digo QR a trav\u00e9s del cual los ciudadanos podr\u00e1n acceder a una cuponera digital. Esta cuponera les permitir\u00e1 conocer las promociones y descuentos ofrecidos por los comercios participantes,\u201d explic\u00f3 la funcionaria.<\/p>\n\n\n\n<p>Una vez concluido el registro, la campa\u00f1a de descuentos estar\u00e1 vigente del 22 al 29 de septiembre y se espera que las promociones incluidas en el cat\u00e1logo digital abarquen un margen de entre el 10% y el 30%, dependiendo de las posibilidades econ\u00f3micas de cada comercio. Adem\u00e1s de los descuentos, cada establecimiento podr\u00e1 ofrecer diversas promociones adicionales.<\/p>\n\n\n\n<p>Por su parte, Guadalupe Zavala, presidenta de la CANACO (C\u00e1mara Nacional de Comercio), hizo un llamado a los m\u00e1s de 700 comercios afiliados a la c\u00e1mara para que se sumen a esta iniciativa.<\/p>\n\n\n\n<p>Asimismo, destac\u00f3 la importancia de participar en la campa\u00f1a para dar visibilidad a sus marcas y unirse a la celebraci\u00f3n del aniversario de la ciudad.<\/p>\n\n\n\n<p>Cabe resaltar que, la campa\u00f1a de Descuentos y Promociones solo es una de las m\u00e1s de 230 actividades culturales, conciertos y eventos teatrales programados en el marco del 493 aniversario de Culiac\u00e1n.<\/p>\n","protected":false},"excerpt":{"rendered":"<p>Culiac\u00e1n, Sin. &#8211; La Secretar\u00eda de Desarrollo Econ\u00f3mico de Culiac\u00e1n, ha lanzado una invitaci\u00f3n a todos los comerciantes locales para unirse a la campa\u00f1a de Descuentos y Promociones en el marco del 493 aniversario de la ciudad. Esta iniciativa busca incentivar la econom\u00eda local y fomentar el flujo comercial durante las celebraciones, con el objetivo [&hellip;]<\/p>\n","protected":false},"author":2,"featured_media":9899,"comment_status":"open","ping_status":"open","sticky":false,"template":"","format":"standard","meta":{"footnotes":""},"categories":[27,93],"tags":[2284,1165,2602,115,1209,2729,1584,40],"class_list":["post-9898","post","type-post","status-publish","format-standard","has-post-thumbnail","hentry","category-local","category-principales","tag-aniversario-de-culiacan","tag-campana","tag-canaco-culiacan-2","tag-culiacan-2","tag-descuentos","tag-guadalupe-zavala","tag-janet-faviola-tostado-noriega","tag-sinaloa"],"aioseo_notices":[],"_links":{"self":[{"href":"https:\/\/crucialnuevaepoca.com\/web\/wp-json\/wp\/v2\/posts\/9898","targetHints":{"allow":["GET"]}}],"collection":[{"href":"https:\/\/crucialnuevaepoca.com\/web\/wp-json\/wp\/v2\/posts"}],"about":[{"href":"https:\/\/crucialnuevaepoca.com\/web\/wp-json\/wp\/v2\/types\/post"}],"author":[{"embeddable":true,"href":"https:\/\/crucialnuevaepoca.com\/web\/wp-json\/wp\/v2\/users\/2"}],"replies":[{"embeddable":true,"href":"https:\/\/crucialnuevaepoca.com\/web\/wp-json\/wp\/v2\/comments?post=9898"}],"version-history":[{"count":1,"href":"https:\/\/crucialnuevaepoca.com\/web\/wp-json\/wp\/v2\/posts\/9898\/revisions"}],"predecessor-version":[{"id":9900,"href":"https:\/\/crucialnuevaepoca.com\/web\/wp-json\/wp\/v2\/posts\/9898\/revisions\/9900"}],"wp:featuredmedia":[{"embeddable":true,"href":"https:\/\/crucialnuevaepoca.com\/web\/wp-json\/wp\/v2\/media\/9899"}],"wp:attachment":[{"href":"https:\/\/crucialnuevaepoca.com\/web\/wp-json\/wp\/v2\/media?parent=9898"}],"wp:term":[{"taxonomy":"category","embeddable":true,"href":"https:\/\/crucialnuevaepoca.com\/web\/wp-json\/wp\/v2\/categories?post=9898"},{"taxonomy":"post_tag","embeddable":true,"href":"https:\/\/crucialnuevaepoca.com\/web\/wp-json\/wp\/v2\/tags?post=9898"}],"curies":[{"name":"wp","href":"https:\/\/api.w.org\/{rel}","templated":true}]}}