{"id":9926,"date":"2024-09-18T08:40:07","date_gmt":"2024-09-18T15:40:07","guid":{"rendered":"https:\/\/crucialnuevaepoca.com\/web\/?p=9926"},"modified":"2024-09-18T08:40:08","modified_gmt":"2024-09-18T15:40:08","slug":"necesario-que-autoridades-fortalezcan-programas-de-apoyo-psicologico-redes-de-proteccion-solidaria-y-lineas-de-ayuda-ante-la-violencia-social-que-sucede-en-sinaloa-senala-especialista","status":"publish","type":"post","link":"https:\/\/crucialnuevaepoca.com\/web\/2024\/09\/18\/necesario-que-autoridades-fortalezcan-programas-de-apoyo-psicologico-redes-de-proteccion-solidaria-y-lineas-de-ayuda-ante-la-violencia-social-que-sucede-en-sinaloa-senala-especialista\/","title":{"rendered":"Necesario que autoridades fortalezcan programas de apoyo psicol\u00f3gico, redes de protecci\u00f3n solidaria y l\u00edneas de ayuda ante la violencia social que sucede en Sinaloa, se\u00f1ala especialista"},"content":{"rendered":"\n<p>Sin duda alguna la violencia y sus diversas manifestaciones en una poblaci\u00f3n destruyen la confianza de la comunidad ya que impacta negativamente en la salud emocional tanto de: ni\u00f1as, ni\u00f1os, adolescentes y adultos; por ello es importante que instituciones fortalezcan con programas de apoyo psicol\u00f3gico, redes de protecci\u00f3n solidaria y l\u00edneas de ayuda, comparti\u00f3 el doctor Pa\u00fal Carl\u00f3n Garc\u00eda.<\/p>\n\n\n\n<p>\u201cLa violencia social se refiere a cualquier acto que cause da\u00f1o f\u00edsico, psicol\u00f3gico o emocional a un individuo o a un grupo de personas en el contexto de una sociedad, est\u00e1 forma de violencia puede manifestarse de diferentes maneras como f\u00edsica, verbal, psicol\u00f3gica, sexual o estructural que es la que vivimos actualmente en la ciudad de Culiac\u00e1n y pr\u00e1cticamente en todo el estado\u201d, explic\u00f3.<\/p>\n\n\n\n<p>El especialista de la Facultad de psicolog\u00eda de la Universidad Aut\u00f3noma de Sinaloa (UAS), inform\u00f3 que el actual clima de violencia que azota el estado sinaloense, es muestra clara de c\u00f3mo se trastoca con la integridad de una poblaci\u00f3n, ya que la incertidumbre permanece latente entre los ciudadanos, quienes incluso por su bienestar, optan por privarse de la libertad.<\/p>\n\n\n\n<p>\u201cLa violencia social puede traer severas consecuencias entre las personas, entre las que podemos encontrar, es temor, miedo, incertidumbre, sentimientos de p\u00e9rdida de seguridad, hasta llegar a sintomatolog\u00eda ser\u00eda tal como depresi\u00f3n, trastorno de estr\u00e9s postraum\u00e1tico, incluso trastorno de la personalidad y sobre todo la ansiedad, incluso tambi\u00e9n cambios en el sue\u00f1o dormir m\u00e1s o menos, cambios tambi\u00e9n en la conducta alimentaria hasta desarrollar cierto nivel de paranoia\u201d, sostuvo.<\/p>\n\n\n\n<p>Por tanto, Carl\u00f3n Garc\u00eda, hizo un llamado a la ciudadan\u00eda a acercarse s\u00f3lo con especialistas profesionales para atender cualquier inquietud que surja, ya que asegur\u00f3 que con ello se buscar\u00e1 lograr el equilibrio y regularizaci\u00f3n de las emociones antes y despu\u00e9s de un acto de zozobra.<\/p>\n\n\n\n<p>\u201cPueden contribuir a mitigar sus efectos y promover la recuperaci\u00f3n, la intervenci\u00f3n de los profesionales involucrados en el abordaje, de las consecuencias de la salud de la poblaci\u00f3n producto de la violencia pueden contribuir tambi\u00e9n al desarrollo de las fortalezas que protejan de nuevas agresiones evitando aumentar el da\u00f1o ya causado\u201d, precis\u00f3.<\/p>\n\n\n\n<p><\/p>\n","protected":false},"excerpt":{"rendered":"<p>Sin duda alguna la violencia y sus diversas manifestaciones en una poblaci\u00f3n destruyen la confianza de la comunidad ya que impacta negativamente en la salud emocional tanto de: ni\u00f1as, ni\u00f1os, adolescentes y adultos; por ello es importante que instituciones fortalezcan con programas de apoyo psicol\u00f3gico, redes de protecci\u00f3n solidaria y l\u00edneas de ayuda, comparti\u00f3 el [&hellip;]<\/p>\n","protected":false},"author":2,"featured_media":9927,"comment_status":"open","ping_status":"open","sticky":false,"template":"","format":"standard","meta":{"footnotes":""},"categories":[93,32],"tags":[2735,2737,2736,13,546,2734],"class_list":["post-9926","post","type-post","status-publish","format-standard","has-post-thumbnail","hentry","category-principales","category-seguridad","tag-ayuda-psicologica","tag-facultad-de-psicologia","tag-psicologia","tag-uas","tag-universidad-autonoma-de-sinaloa","tag-violencia-en-sinaloa"],"aioseo_notices":[],"_links":{"self":[{"href":"https:\/\/crucialnuevaepoca.com\/web\/wp-json\/wp\/v2\/posts\/9926","targetHints":{"allow":["GET"]}}],"collection":[{"href":"https:\/\/crucialnuevaepoca.com\/web\/wp-json\/wp\/v2\/posts"}],"about":[{"href":"https:\/\/crucialnuevaepoca.com\/web\/wp-json\/wp\/v2\/types\/post"}],"author":[{"embeddable":true,"href":"https:\/\/crucialnuevaepoca.com\/web\/wp-json\/wp\/v2\/users\/2"}],"replies":[{"embeddable":true,"href":"https:\/\/crucialnuevaepoca.com\/web\/wp-json\/wp\/v2\/comments?post=9926"}],"version-history":[{"count":1,"href":"https:\/\/crucialnuevaepoca.com\/web\/wp-json\/wp\/v2\/posts\/9926\/revisions"}],"predecessor-version":[{"id":9928,"href":"https:\/\/crucialnuevaepoca.com\/web\/wp-json\/wp\/v2\/posts\/9926\/revisions\/9928"}],"wp:featuredmedia":[{"embeddable":true,"href":"https:\/\/crucialnuevaepoca.com\/web\/wp-json\/wp\/v2\/media\/9927"}],"wp:attachment":[{"href":"https:\/\/crucialnuevaepoca.com\/web\/wp-json\/wp\/v2\/media?parent=9926"}],"wp:term":[{"taxonomy":"category","embeddable":true,"href":"https:\/\/crucialnuevaepoca.com\/web\/wp-json\/wp\/v2\/categories?post=9926"},{"taxonomy":"post_tag","embeddable":true,"href":"https:\/\/crucialnuevaepoca.com\/web\/wp-json\/wp\/v2\/tags?post=9926"}],"curies":[{"name":"wp","href":"https:\/\/api.w.org\/{rel}","templated":true}]}}