{"id":9932,"date":"2024-09-18T14:27:15","date_gmt":"2024-09-18T21:27:15","guid":{"rendered":"https:\/\/crucialnuevaepoca.com\/web\/?p=9932"},"modified":"2024-09-18T14:27:16","modified_gmt":"2024-09-18T21:27:16","slug":"propone-core33-acciones-para-reactivar-la-actividad-economica","status":"publish","type":"post","link":"https:\/\/crucialnuevaepoca.com\/web\/2024\/09\/18\/propone-core33-acciones-para-reactivar-la-actividad-economica\/","title":{"rendered":"Propone CORE33 acciones para reactivar la actividad econ\u00f3mica"},"content":{"rendered":"\n<p>El Colectivo de Organizaciones y Empresarios (CORE33) urgi\u00f3 a las autoridades y a la sociedad a trabajar con urgencia para reactivar la actividad econ\u00f3mica, que se ha reducido por los hechos violentos que ya suman m\u00e1s de una semana y que incluso est\u00e1n generando tambi\u00e9n un impacto emocional psicol\u00f3gico en gran parte de la poblaci\u00f3n.<\/p>\n\n\n\n<p>El presidente en turno de este colectivo, Rafael Armando Galeana Fregoso, propuso una serie de acciones con el prop\u00f3sito de lograr la reactivaci\u00f3n econ\u00f3mica.<\/p>\n\n\n\n<p>Entre esta serie de acciones propuso las siguientes:<\/p>\n\n\n\n<ul class=\"wp-block-list\">\n<li>Regreso a la activaci\u00f3n econ\u00f3mica con las precauciones debidas.<\/li>\n\n\n\n<li>Ampliar el horario de la actividad econ\u00f3mica.<\/li>\n\n\n\n<li>Evitar compartir informaci\u00f3n falsa v\u00eda redes y grupos de whatsapp.<\/li>\n\n\n\n<li>Privilegiar a los medios de comunicaci\u00f3n que verifican la informaci\u00f3n que difunden.<\/li>\n\n\n\n<li>Llamar a las empresas, siempre y cuando est\u00e9n en posibilidades, a que cumplan con sus compromisos de pago a proveedores para reactivar flujos en las micros, peque\u00f1as y medianas empresas.<\/li>\n\n\n\n<li>Buscar apoyo psicol\u00f3gico para los colaboradores que pudieran requerirlo para reactivar sus tareas y labores y<\/li>\n\n\n\n<li>Reconocer y trabajar de la mano con los medios de comunicaci\u00f3n para buscar tener informaci\u00f3n acertada y oportuna.<\/li>\n<\/ul>\n\n\n\n<p>Rafael Galeana expuso que estos puntos son resultado del an\u00e1lisis que se ha hecho de la actividad econ\u00f3mica ante los hechos violentos que se vienen registrando desde varios d\u00edas atr\u00e1s.<\/p>\n\n\n\n<p>Como ejemplo de ello expuso que se acaba de tener un fin de semana largo, y en consecuencia no se tuvieron los resultados que se pudieran haber registrado si no hubiera hechos violentos.<\/p>\n\n\n\n<p>Resultaron afectados todos los sectores, pero en particular el de turismo.<br>Agreg\u00f3 que adem\u00e1s tampoco se ha registrado un repunte en los comercios que tienen relaci\u00f3n con el regreso a clases.<\/p>\n","protected":false},"excerpt":{"rendered":"<p>El Colectivo de Organizaciones y Empresarios (CORE33) urgi\u00f3 a las autoridades y a la sociedad a trabajar con urgencia para reactivar la actividad econ\u00f3mica, que se ha reducido por los hechos violentos que ya suman m\u00e1s de una semana y que incluso est\u00e1n generando tambi\u00e9n un impacto emocional psicol\u00f3gico en gran parte de la poblaci\u00f3n. [&hellip;]<\/p>\n","protected":false},"author":2,"featured_media":9933,"comment_status":"open","ping_status":"open","sticky":false,"template":"","format":"standard","meta":{"footnotes":""},"categories":[103,93],"tags":[2038,1745,2738,2734],"class_list":["post-9932","post","type-post","status-publish","format-standard","has-post-thumbnail","hentry","category-camaras-y-colegios","category-principales","tag-acciones","tag-core33","tag-reactivacion-economica","tag-violencia-en-sinaloa"],"aioseo_notices":[],"_links":{"self":[{"href":"https:\/\/crucialnuevaepoca.com\/web\/wp-json\/wp\/v2\/posts\/9932","targetHints":{"allow":["GET"]}}],"collection":[{"href":"https:\/\/crucialnuevaepoca.com\/web\/wp-json\/wp\/v2\/posts"}],"about":[{"href":"https:\/\/crucialnuevaepoca.com\/web\/wp-json\/wp\/v2\/types\/post"}],"author":[{"embeddable":true,"href":"https:\/\/crucialnuevaepoca.com\/web\/wp-json\/wp\/v2\/users\/2"}],"replies":[{"embeddable":true,"href":"https:\/\/crucialnuevaepoca.com\/web\/wp-json\/wp\/v2\/comments?post=9932"}],"version-history":[{"count":1,"href":"https:\/\/crucialnuevaepoca.com\/web\/wp-json\/wp\/v2\/posts\/9932\/revisions"}],"predecessor-version":[{"id":9934,"href":"https:\/\/crucialnuevaepoca.com\/web\/wp-json\/wp\/v2\/posts\/9932\/revisions\/9934"}],"wp:featuredmedia":[{"embeddable":true,"href":"https:\/\/crucialnuevaepoca.com\/web\/wp-json\/wp\/v2\/media\/9933"}],"wp:attachment":[{"href":"https:\/\/crucialnuevaepoca.com\/web\/wp-json\/wp\/v2\/media?parent=9932"}],"wp:term":[{"taxonomy":"category","embeddable":true,"href":"https:\/\/crucialnuevaepoca.com\/web\/wp-json\/wp\/v2\/categories?post=9932"},{"taxonomy":"post_tag","embeddable":true,"href":"https:\/\/crucialnuevaepoca.com\/web\/wp-json\/wp\/v2\/tags?post=9932"}],"curies":[{"name":"wp","href":"https:\/\/api.w.org\/{rel}","templated":true}]}}