{"id":9935,"date":"2024-09-18T14:36:09","date_gmt":"2024-09-18T21:36:09","guid":{"rendered":"https:\/\/crucialnuevaepoca.com\/web\/?p=9935"},"modified":"2024-09-18T14:36:10","modified_gmt":"2024-09-18T21:36:10","slug":"amlo-llama-al-dialogo-al-congreso-de-sinaloa-para-no-violar-la-autonomia-de-la-uas","status":"publish","type":"post","link":"https:\/\/crucialnuevaepoca.com\/web\/2024\/09\/18\/amlo-llama-al-dialogo-al-congreso-de-sinaloa-para-no-violar-la-autonomia-de-la-uas\/","title":{"rendered":"AMLO llama al di\u00e1logo al Congreso de Sinaloa para no violar la autonom\u00eda de la UAS"},"content":{"rendered":"\n<p>El presidente de M\u00e9xico, Andr\u00e9s Manuel L\u00f3pez Obrador se pronunci\u00f3 en su conferencia matutina de este mi\u00e9rcoles 18 de septiembre sobre el conflicto latente entre la Universidad Aut\u00f3noma de Sinaloa (UAS) y el Congreso local, donde estos \u00faltimos pretenden violar su autonom\u00eda.<\/p>\n\n\n\n<p>\u201cHay que buscar la consolidaci\u00f3n en este caso en este conflicto que lleva ya bastante tiempo y con consecuencias lamentables hay que buscar un acuerdo y la conciliaci\u00f3n en la Universidad\u201d, declar\u00f3.<\/p>\n\n\n\n<p>El primer mandatario mexicano dijo que el Gobierno Federal ya ha estado ayudando en este conflicto a trav\u00e9s de la Secretar\u00eda de Gobernaci\u00f3n, Luisa Mar\u00eda Alcalde para darle soluci\u00f3n al problema.<\/p>\n\n\n\n<p>\u201cNosotros hemos estado ayudando a la Secretar\u00eda de Gobernaci\u00f3n ojal\u00e1 se acerque con la Secretar\u00eda de Gobernaci\u00f3n para ver en estos d\u00edas si se puede llegar a un acuerdo\u201d.<\/p>\n\n\n\n<p>L\u00f3pez Obrador siempre ha estado del lado de la justicia ya que ha instruido a la titular de Segob, Luisa Mar\u00eda Alcalde a sostener dos encuentros entre Gobierno del Estado y el Encargado de Despacho, Robespierre Liz\u00e1rraga para mediar en el conflicto.<\/p>\n\n\n\n<p>Pese a ello el Gobernador de Sinaloa, Rub\u00e9n Rocha Moya ha hecho caso omiso a la instrucci\u00f3n del presidente de la Rep\u00fablica, L\u00f3pez Obrador. Adem\u00e1s, los diputados emanados de Morena han avanzado en reformar la Ley Org\u00e1nica de la Universidad a pesar de resoluciones de jueces federales donde se le da la raz\u00f3n a la UAS.<\/p>\n","protected":false},"excerpt":{"rendered":"<p>El presidente de M\u00e9xico, Andr\u00e9s Manuel L\u00f3pez Obrador se pronunci\u00f3 en su conferencia matutina de este mi\u00e9rcoles 18 de septiembre sobre el conflicto latente entre la Universidad Aut\u00f3noma de Sinaloa (UAS) y el Congreso local, donde estos \u00faltimos pretenden violar su autonom\u00eda. \u201cHay que buscar la consolidaci\u00f3n en este caso en este conflicto que lleva [&hellip;]<\/p>\n","protected":false},"author":2,"featured_media":9936,"comment_status":"open","ping_status":"open","sticky":false,"template":"","format":"standard","meta":{"footnotes":""},"categories":[122,93],"tags":[315,2699,278,2037,1885,13,546],"class_list":["post-9935","post","type-post","status-publish","format-standard","has-post-thumbnail","hentry","category-educacion","category-principales","tag-andres-manuel-lopez-obrador","tag-conciliacion","tag-congreso-de-sinaloa","tag-defensa-de-la-autonomia-universitaria","tag-ley-organica-de-la-uas","tag-uas","tag-universidad-autonoma-de-sinaloa"],"aioseo_notices":[],"_links":{"self":[{"href":"https:\/\/crucialnuevaepoca.com\/web\/wp-json\/wp\/v2\/posts\/9935","targetHints":{"allow":["GET"]}}],"collection":[{"href":"https:\/\/crucialnuevaepoca.com\/web\/wp-json\/wp\/v2\/posts"}],"about":[{"href":"https:\/\/crucialnuevaepoca.com\/web\/wp-json\/wp\/v2\/types\/post"}],"author":[{"embeddable":true,"href":"https:\/\/crucialnuevaepoca.com\/web\/wp-json\/wp\/v2\/users\/2"}],"replies":[{"embeddable":true,"href":"https:\/\/crucialnuevaepoca.com\/web\/wp-json\/wp\/v2\/comments?post=9935"}],"version-history":[{"count":1,"href":"https:\/\/crucialnuevaepoca.com\/web\/wp-json\/wp\/v2\/posts\/9935\/revisions"}],"predecessor-version":[{"id":9937,"href":"https:\/\/crucialnuevaepoca.com\/web\/wp-json\/wp\/v2\/posts\/9935\/revisions\/9937"}],"wp:featuredmedia":[{"embeddable":true,"href":"https:\/\/crucialnuevaepoca.com\/web\/wp-json\/wp\/v2\/media\/9936"}],"wp:attachment":[{"href":"https:\/\/crucialnuevaepoca.com\/web\/wp-json\/wp\/v2\/media?parent=9935"}],"wp:term":[{"taxonomy":"category","embeddable":true,"href":"https:\/\/crucialnuevaepoca.com\/web\/wp-json\/wp\/v2\/categories?post=9935"},{"taxonomy":"post_tag","embeddable":true,"href":"https:\/\/crucialnuevaepoca.com\/web\/wp-json\/wp\/v2\/tags?post=9935"}],"curies":[{"name":"wp","href":"https:\/\/api.w.org\/{rel}","templated":true}]}}