{"id":9953,"date":"2024-09-20T15:26:09","date_gmt":"2024-09-20T22:26:09","guid":{"rendered":"https:\/\/crucialnuevaepoca.com\/web\/?p=9953"},"modified":"2024-09-20T15:30:09","modified_gmt":"2024-09-20T22:30:09","slug":"canaco-y-canirac-llaman-a-la-unidad-del-sector-empresarial-para-impulsar-lareactivacion-economica-en-culiacan","status":"publish","type":"post","link":"https:\/\/crucialnuevaepoca.com\/web\/2024\/09\/20\/canaco-y-canirac-llaman-a-la-unidad-del-sector-empresarial-para-impulsar-lareactivacion-economica-en-culiacan\/","title":{"rendered":"CANACO y CANIRAC llaman a la unidad del sector empresarial para impulsar la reactivaci\u00f3n econ\u00f3mica en Culiac\u00e1n"},"content":{"rendered":"\n<p><strong><em>Culiac\u00e1n, Sin. <\/em><\/strong>&#8211; La C\u00e1mara Nacional de Comercio, Servicios y Turismo (CANACO Servytur) de Culiac\u00e1n y la C\u00e1mara Nacional de la Industria de Restaurantes y Alimentos Condimentados (CANIRAC), delegaci\u00f3n Culiac\u00e1n, reiteraron su compromiso con la reactivaci\u00f3n econ\u00f3mica e invitaron a todo el sector empresarial a trabajar unidos.<\/p>\n\n\n\n<p>Ambas c\u00e1maras destacaron el papel fundamental que este sector juega en el proceso de recuperaci\u00f3n.<\/p>\n\n\n\n<p>Guadalupe Zavala Yamaguchi, presidenta de CANACO, expres\u00f3 que el sector empresarial ha demostrado una notable capacidad de adaptaci\u00f3n, con los comercios reanudando sus actividades de manera gradual y responsable, siempre priorizando la seguridad de empleados y clientes.<\/p>\n\n\n\n<p>\u201cEstamos convencidos de que abrir nuestros negocios con responsabilidad es un paso muy importante para seguir avanzando en esta recuperaci\u00f3n. Invitamos a todo el sector empresarial a trabajar unidos, impulsando la reactivaci\u00f3n econ\u00f3mica con una visi\u00f3n de crecimiento que beneficie a todas y todos\u201d, coment\u00f3.<\/p>\n\n\n\n<p>La presidenta de CANACO destac\u00f3, adem\u00e1s, las acciones implementadas por el Gobierno del Estado y el Ayuntamiento de Culiac\u00e1n para apoyar a las empresas, como los cr\u00e9ditos con condiciones preferentes, el refuerzo de la seguridad en \u00e1reas comerciales y el aplazamiento de las revisiones por parte de Protecci\u00f3n Civil Civil, COEPRISS y Secretar\u00eda del Trabajo. Sin embargo, reconoci\u00f3 que a\u00fan queda trabajo por hacer. \u201cConfiamos en que, manteniendo el di\u00e1logo y el trabajo conjunto, lograremos fortalecer nuestra econom\u00eda\u201d, afirm\u00f3.<\/p>\n\n\n\n<p>Por su parte, Laura Guzm\u00e1n Torrontegui, presidenta de CANIRAC Culiac\u00e1n, se sum\u00f3 a este llamado de unidad, resaltando la importancia del sector empresarial en el proceso de recuperaci\u00f3n econ\u00f3mica y destacando la apertura al di\u00e1logo por parte de las autoridades.<\/p>\n\n\n\n<p>\u201cEstamos en esa etapa de recuperaci\u00f3n, te necesitamos a ti (empresario), necesitamos a esos consumidores para reactivar los negocios e insistimos agradecemos mucho a las autoridades que nos est\u00e1n brindando ese di\u00e1logo, hay que estarlo revisando puntualmente para poder ser exitosos en este camino\u201d, se\u00f1al\u00f3.<\/p>\n\n\n\n<p>Adem\u00e1s, hizo un llamado a las y los empresarios a acercarse a sus c\u00e1maras para obtener informaci\u00f3n sobre las acciones de apoyo. \u201cEs fundamental que estemos bien informados para que, juntos, podamos impulsar de manera efectiva este camino hacia la reactivaci\u00f3n comercial\u00bb, concluy\u00f3.<\/p>\n\n\n\n<p>Ambas l\u00edderes empresariales coincidieron en que no es momento de confrontaciones, sino de trabajar en equipo entre gobierno, sector empresarial y sociedad para poder superar esta etapa y construir una econom\u00eda m\u00e1s s\u00f3lida y resiliente resiliente.<\/p>\n","protected":false},"excerpt":{"rendered":"<p>Culiac\u00e1n, Sin. &#8211; La C\u00e1mara Nacional de Comercio, Servicios y Turismo (CANACO Servytur) de Culiac\u00e1n y la C\u00e1mara Nacional de la Industria de Restaurantes y Alimentos Condimentados (CANIRAC), delegaci\u00f3n Culiac\u00e1n, reiteraron su compromiso con la reactivaci\u00f3n econ\u00f3mica e invitaron a todo el sector empresarial a trabajar unidos. Ambas c\u00e1maras destacaron el papel fundamental que este [&hellip;]<\/p>\n","protected":false},"author":2,"featured_media":9954,"comment_status":"open","ping_status":"open","sticky":false,"template":"","format":"standard","meta":{"footnotes":""},"categories":[103,93],"tags":[2602,655,547,916,2738,2734],"class_list":["post-9953","post","type-post","status-publish","format-standard","has-post-thumbnail","hentry","category-camaras-y-colegios","category-principales","tag-canaco-culiacan-2","tag-canaco-servytur","tag-canirac","tag-empresarios","tag-reactivacion-economica","tag-violencia-en-sinaloa"],"aioseo_notices":[],"_links":{"self":[{"href":"https:\/\/crucialnuevaepoca.com\/web\/wp-json\/wp\/v2\/posts\/9953","targetHints":{"allow":["GET"]}}],"collection":[{"href":"https:\/\/crucialnuevaepoca.com\/web\/wp-json\/wp\/v2\/posts"}],"about":[{"href":"https:\/\/crucialnuevaepoca.com\/web\/wp-json\/wp\/v2\/types\/post"}],"author":[{"embeddable":true,"href":"https:\/\/crucialnuevaepoca.com\/web\/wp-json\/wp\/v2\/users\/2"}],"replies":[{"embeddable":true,"href":"https:\/\/crucialnuevaepoca.com\/web\/wp-json\/wp\/v2\/comments?post=9953"}],"version-history":[{"count":2,"href":"https:\/\/crucialnuevaepoca.com\/web\/wp-json\/wp\/v2\/posts\/9953\/revisions"}],"predecessor-version":[{"id":9956,"href":"https:\/\/crucialnuevaepoca.com\/web\/wp-json\/wp\/v2\/posts\/9953\/revisions\/9956"}],"wp:featuredmedia":[{"embeddable":true,"href":"https:\/\/crucialnuevaepoca.com\/web\/wp-json\/wp\/v2\/media\/9954"}],"wp:attachment":[{"href":"https:\/\/crucialnuevaepoca.com\/web\/wp-json\/wp\/v2\/media?parent=9953"}],"wp:term":[{"taxonomy":"category","embeddable":true,"href":"https:\/\/crucialnuevaepoca.com\/web\/wp-json\/wp\/v2\/categories?post=9953"},{"taxonomy":"post_tag","embeddable":true,"href":"https:\/\/crucialnuevaepoca.com\/web\/wp-json\/wp\/v2\/tags?post=9953"}],"curies":[{"name":"wp","href":"https:\/\/api.w.org\/{rel}","templated":true}]}}