{"id":9957,"date":"2024-09-21T09:15:35","date_gmt":"2024-09-21T16:15:35","guid":{"rendered":"https:\/\/crucialnuevaepoca.com\/web\/?p=9957"},"modified":"2024-09-21T09:15:35","modified_gmt":"2024-09-21T16:15:35","slug":"cjf-extiende-suspension-de-labores-en-el-poder-judicial-hasta-el-2-de-octubre","status":"publish","type":"post","link":"https:\/\/crucialnuevaepoca.com\/web\/2024\/09\/21\/cjf-extiende-suspension-de-labores-en-el-poder-judicial-hasta-el-2-de-octubre\/","title":{"rendered":"CJF extiende suspensi\u00f3n de labores en el Poder Judicial hasta el 2 de octubre"},"content":{"rendered":"\n<p>El Consejo de la Judicatura Federal (CJF) acord\u00f3 extender la suspensi\u00f3n de labores en juzgados y tribunales del pa\u00eds luego de m\u00e1s de siete horas reunidos con una comitiva de trabajadores del Poder Judicial que fue respaldada por cientos de trabajadores a las afueras del recinto.<\/p>\n\n\n\n<p>En un nuevo acuerdo, publicado en la circular 19\/2024, la mayor\u00eda del Pleno del CJF, presidido por Norma Luc\u00eda Pi\u00f1a Hern\u00e1ndez, determin\u00f3 extender la suspensi\u00f3n de labores hasta el pr\u00f3ximo 2 de octubre, fecha en que se analizar\u00e1 de nueva cuenta la situaci\u00f3n, en la que los funcionarios piden m\u00e1s tiempo para continuar con sus movilizaciones y estrategias legales contra la reforma judicial.<\/p>\n\n\n\n<p>Con ello, el Pleno del Consejo tumb\u00f3 el acuerdo publicado el pasado mi\u00e9rcoles d\u00f3nde establec\u00edan la reanudaci\u00f3n de labores en los \u00f3rganos jurisdiccionales para el pr\u00f3ximo 23 de septiembre. Adem\u00e1s de convocar a una reuni\u00f3n para este viernes con una mesa de di\u00e1logo.<\/p>\n\n\n\n<p>En la reuni\u00f3n estuvieron presentes representantes de trabajadores independientes, l\u00edderes sindicales y asociaciones de jueces y magistrados. En ella, esta comitiva manifest\u00f3 que no existen las condiciones para levantar la suspensi\u00f3n de plazos y t\u00e9rminos en el CJF.<\/p>\n\n\n\n<p>Luego de varias horas en las que la comitiva expres\u00f3 sus argumentos a los Consejeros, la reuni\u00f3n tuvo un receso para que el Pleno votara los pasos a seguir, de acuerdo con fuentes al interior de la reuni\u00f3n.<\/p>\n\n\n\n<p>Con cuatro votos a favor y tres en contra (de los Consejeros Bernardo B\u00e1tiz V\u00e1zquez, Eva Ver\u00f3nica De Gyv\u00e9s Z\u00e1rate, y Celia Maya Garc\u00eda), el CJF otorg\u00f3 la raz\u00f3n a los trabajadores y extendi\u00f3 el paro hasta el pr\u00f3ximo 2 de octubre, un d\u00eda despu\u00e9s de la toma de protesta de Claudia Sheinbaum Pardo.<\/p>\n\n\n\n<p>\u201cHoy el Consejo de la Judicatura se uni\u00f3 a nuestro reclamo, se uni\u00f3 a nuestra lucha, en sesi\u00f3n extraordinaria el d\u00eda de hoy 20 de septiembre dict\u00f3 la circular 19\/2024 en la cual en su primer punto establece que la suspensi\u00f3n de labores continuar\u00e1 vigente hasta el mi\u00e9rcoles 2 de octubre\u201d, inform\u00f3 Patricia Aguayo, vocera de las y los trabajadores del Poder Judicial.<\/p>\n\n\n\n<p>La resoluci\u00f3n fue festejada con m\u00faltiples gritos de aliento, tamborazos y consignas de las decenas de trabajadores del PJF del Primer Circuito, Toluca, Aguascalientes, Morelos, entre otros estados que se dieron cita.<\/p>\n","protected":false},"excerpt":{"rendered":"<p>El Consejo de la Judicatura Federal (CJF) acord\u00f3 extender la suspensi\u00f3n de labores en juzgados y tribunales del pa\u00eds luego de m\u00e1s de siete horas reunidos con una comitiva de trabajadores del Poder Judicial que fue respaldada por cientos de trabajadores a las afueras del recinto. En un nuevo acuerdo, publicado en la circular 19\/2024, [&hellip;]<\/p>\n","protected":false},"author":2,"featured_media":9958,"comment_status":"open","ping_status":"open","sticky":false,"template":"","format":"standard","meta":{"footnotes":""},"categories":[28,93],"tags":[2744,2745,2747,2746],"class_list":["post-9957","post","type-post","status-publish","format-standard","has-post-thumbnail","hentry","category-nacional","category-principales","tag-cjf","tag-consejo-de-la-judicatura-federal","tag-reforma-judicial","tag-suspension-de-labores"],"aioseo_notices":[],"_links":{"self":[{"href":"https:\/\/crucialnuevaepoca.com\/web\/wp-json\/wp\/v2\/posts\/9957","targetHints":{"allow":["GET"]}}],"collection":[{"href":"https:\/\/crucialnuevaepoca.com\/web\/wp-json\/wp\/v2\/posts"}],"about":[{"href":"https:\/\/crucialnuevaepoca.com\/web\/wp-json\/wp\/v2\/types\/post"}],"author":[{"embeddable":true,"href":"https:\/\/crucialnuevaepoca.com\/web\/wp-json\/wp\/v2\/users\/2"}],"replies":[{"embeddable":true,"href":"https:\/\/crucialnuevaepoca.com\/web\/wp-json\/wp\/v2\/comments?post=9957"}],"version-history":[{"count":1,"href":"https:\/\/crucialnuevaepoca.com\/web\/wp-json\/wp\/v2\/posts\/9957\/revisions"}],"predecessor-version":[{"id":9959,"href":"https:\/\/crucialnuevaepoca.com\/web\/wp-json\/wp\/v2\/posts\/9957\/revisions\/9959"}],"wp:featuredmedia":[{"embeddable":true,"href":"https:\/\/crucialnuevaepoca.com\/web\/wp-json\/wp\/v2\/media\/9958"}],"wp:attachment":[{"href":"https:\/\/crucialnuevaepoca.com\/web\/wp-json\/wp\/v2\/media?parent=9957"}],"wp:term":[{"taxonomy":"category","embeddable":true,"href":"https:\/\/crucialnuevaepoca.com\/web\/wp-json\/wp\/v2\/categories?post=9957"},{"taxonomy":"post_tag","embeddable":true,"href":"https:\/\/crucialnuevaepoca.com\/web\/wp-json\/wp\/v2\/tags?post=9957"}],"curies":[{"name":"wp","href":"https:\/\/api.w.org\/{rel}","templated":true}]}}