{"id":996,"date":"2022-01-11T08:55:50","date_gmt":"2022-01-11T15:55:50","guid":{"rendered":"http:\/\/crucialnuevaepoca.com\/web\/?p=996"},"modified":"2022-01-11T08:55:52","modified_gmt":"2022-01-11T15:55:52","slug":"daniel-ortega-inicia-su-quinto-mandato-en-nicaragua-sin-el-apoyo-de-eu-y-la-ue","status":"publish","type":"post","link":"https:\/\/crucialnuevaepoca.com\/web\/2022\/01\/11\/daniel-ortega-inicia-su-quinto-mandato-en-nicaragua-sin-el-apoyo-de-eu-y-la-ue\/","title":{"rendered":"DANIEL ORTEGA INICIA SU QUINTO MANDATO EN NICARAGUA SIN EL APOYO DE EU Y LA UE"},"content":{"rendered":"\n<p>El presidente de Nicaragua, Daniel Ortega, inici\u00f3 este lunes su quinto mandato de cinco a\u00f1os, cuarto consecutivo y segundo junto a su esposa, Rosario Murillo, como vicepresidenta, con nuevas sanciones de EU y la Uni\u00f3n Europea (UE) contra dos de sus hijos, allegados y tres instituciones nicarag\u00fcenses.<\/p>\n\n\n\n<p>Daniel Ortega tomar\u00e1 la presidencia de Nicaragua por quinta ocasi\u00f3n (Daniel Ortega)\u00a9 Proporcionado por Milenio Daniel Ortega tomar\u00e1 la presidencia de Nicaragua por quinta ocasi\u00f3n (Daniel Ortega)<br>Ortega y Murillo juraron en el cargo por cinco a\u00f1os m\u00e1s ante el titular de la Asamblea Nacional, el oficialista Gustavo Porras, en una ceremonia oficial celebrada en la Plaza de la Revoluci\u00f3n, en Managua, en presencia de los presidentes de Cuba, Miguel D\u00edaz-Canel; de Venezuela, Nicol\u00e1s Maduro, y de Honduras, Juan Orlando Hern\u00e1ndez, y representantes de China, Ir\u00e1n y Rusia, entre otros.<\/p>\n\n\n\n<p>A la ceremonia acudieron los ex presidentes salvadore\u00f1os y nacionalizados nicarag\u00fcenses Mauricio Funes y Salvador S\u00e1nchez Cer\u00e9n, as\u00ed como el ex mandatario guatemalteco Vinicio Cerezo.<\/p>\n\n\n\n<p>Durante su discurso, el ex guerrillero sandinista, de 76 a\u00f1os y que hoy cumpli\u00f3 15 a\u00f1os consecutivos en el poder, carg\u00f3 contra EU y la UE, a los que tild\u00f3 de \u00abcolonialistas criminales y esclavistas\u00bb.<\/p>\n\n\n\n<p>El acto de investidura no cont\u00f3 con representantes oficiales de EU ni de los pa\u00edses de la UE, que han calificado de fraudulentos los comicios de noviembre pasado, en los que se impuso Ortega con sus principales contendientes en prisi\u00f3n o en el exilio.<\/p>\n\n\n\n<p class=\"has-medium-font-size\"><strong>UE Y EU sanciona a los seguidores de Ortega<\/strong><\/p>\n\n\n\n<p>Horas antes de la investidura, la UE aprob\u00f3 nuevas sanciones contra Camila Antonia Ortega Murillo y su hermano Laureano Facundo, hijos del presidente Ortega y la vicepresidenta Murillo.<\/p>\n\n\n\n<p>La UE tambi\u00e9n sancion\u00f3 a la presidenta del Consejo Supremo Electoral, Brenda Rocha, a otras cuatro personas cercanas al r\u00e9gimen y a tres entidades del pa\u00eds.<\/p>\n\n\n\n<p>Los Estados miembros aprobaron las sanciones al considerar que las personas y las entidades afectadas cometieron \u00abserias violaciones contra los derechos humanos\u00bb y por haber apoyado las elecciones \u00abfraudulentas\u00bb de noviembre pasado.<\/p>\n\n\n\n<p>Las medidas restrictivas se aplican tambi\u00e9n contra la Polic\u00eda Nacional de Nicaragua, el Consejo Supremo Electoral y el Instituto Nicarag\u00fcense de Telecomunicaciones y Correos (Telcor).<\/p>\n\n\n\n<p>Por su lado, Washington anunci\u00f3 nuevas sanciones contra seis cargos del gobierno de Nicaragua y vet\u00f3 la entrada en su territorio de 116 personas que considera \u00abc\u00f3mplices de socavar la democracia\u00bb nicarag\u00fcense.<\/p>\n\n\n\n<p>Las sanciones afectan entre otros a la ministra de Defensa, Rosa Adelina Barahona; al jefe del Estado Mayor del Ej\u00e9rcito, Bayardo Rodr\u00edguez; al general de brigada Bayardo Pulido; dos directivas de Telcor, y un cargo de la Empresa Nicarag\u00fcense de Minas (Eniminas).<\/p>\n\n\n\n<p>El Departamento del Tesoro los sanciona por los \u00abactos estatales de violencia\u00bb contra la oposici\u00f3n pol\u00edtica y las manifestaciones, que han dejado desde 2018, asegura, m\u00e1s de 300 muertos, 2 mil heridos y el encarcelamiento de \u00abcientos de actores pol\u00edticos y de la sociedad civil\u00bb.<br>En el caso de la directora general y directora general adjunta de Telcor -Nahima D\u00edaz Flores y Celina Delgado Castell\u00f3n, respectivamente-, el Departamento del Tesoro las penaliza por \u00abdesinformaci\u00f3n y persecuci\u00f3n de medios independientes\u00bb.<\/p>\n\n\n\n<p>En paralelo, el Departamento de Estado impuso restricciones de visado a \u00ab116 individuos que son c\u00f3mplices de socavar la democracia en Nicaragua, incluidos alcaldes, fiscales y administradores de universidades, as\u00ed como funcionarios de Polic\u00eda, prisiones y de defensa\u00bb.<\/p>\n\n\n\n<p class=\"has-medium-font-size\"><strong>Protestas en medio del exilio<\/strong><\/p>\n\n\n\n<p>En tanto, diversas organizaciones opositores y nicarag\u00fcenses en el exilio se manifestaron en Costa Rica y en Espa\u00f1a en contra de la investidura de Ortega, bajo el lema \u00abNicaragua no tiene Gobierno ni poderes leg\u00edtimos del Estado\u00bb.<\/p>\n\n\n\n<p>El lema \u00abOrtega ileg\u00edtimo\u00bb fue el principal mensaje que motiv\u00f3 a esas manifestaciones, as\u00ed como la exigencia de liberaci\u00f3n de \u00ablos m\u00e1s de 170 presos pol\u00edticos\u00bb de las c\u00e1rceles del pa\u00eds, \u00abjusticia para los desaparecidos desde 2018\u00bb y el respeto de los derechos humanos de los nicarag\u00fcenses.<\/p>\n\n\n\n<p>Ortega, que gobierna sin contrapesos desde 2012, permanece en el poder desde 2007 tras haber coordinado una Junta de gobierno de 1979 a 1985 y presidir por primera vez el pa\u00eds de 1985 a 1990.<\/p>\n\n\n\n<p>El l\u00edder sandinista, cuyo nuevo mandato no ha sido reconocido por el grueso de la comunidad internacional, podr\u00e1 permanecer en el cargo hasta enero de 2027 y cumplir 20 a\u00f1os seguidos en el poder, un caso in\u00e9dito en la reciente historia de Nicaragua y en la Am\u00e9rica Latina actual.<\/p>\n","protected":false},"excerpt":{"rendered":"<p>El presidente de Nicaragua, Daniel Ortega, inici\u00f3 este lunes su quinto mandato de cinco a\u00f1os, cuarto consecutivo y segundo junto a su esposa, Rosario Murillo, como vicepresidenta, con nuevas sanciones de EU y la Uni\u00f3n Europea (UE) contra dos de sus hijos, allegados y tres instituciones nicarag\u00fcenses. Daniel Ortega tomar\u00e1 la presidencia de Nicaragua por [&hellip;]<\/p>\n","protected":false},"author":2,"featured_media":992,"comment_status":"open","ping_status":"open","sticky":false,"template":"","format":"standard","meta":{"footnotes":""},"categories":[29,93],"tags":[312,313],"class_list":["post-996","post","type-post","status-publish","format-standard","has-post-thumbnail","hentry","category-internacional","category-principales","tag-daniel-ortega","tag-nicaragua"],"aioseo_notices":[],"_links":{"self":[{"href":"https:\/\/crucialnuevaepoca.com\/web\/wp-json\/wp\/v2\/posts\/996","targetHints":{"allow":["GET"]}}],"collection":[{"href":"https:\/\/crucialnuevaepoca.com\/web\/wp-json\/wp\/v2\/posts"}],"about":[{"href":"https:\/\/crucialnuevaepoca.com\/web\/wp-json\/wp\/v2\/types\/post"}],"author":[{"embeddable":true,"href":"https:\/\/crucialnuevaepoca.com\/web\/wp-json\/wp\/v2\/users\/2"}],"replies":[{"embeddable":true,"href":"https:\/\/crucialnuevaepoca.com\/web\/wp-json\/wp\/v2\/comments?post=996"}],"version-history":[{"count":2,"href":"https:\/\/crucialnuevaepoca.com\/web\/wp-json\/wp\/v2\/posts\/996\/revisions"}],"predecessor-version":[{"id":998,"href":"https:\/\/crucialnuevaepoca.com\/web\/wp-json\/wp\/v2\/posts\/996\/revisions\/998"}],"wp:featuredmedia":[{"embeddable":true,"href":"https:\/\/crucialnuevaepoca.com\/web\/wp-json\/wp\/v2\/media\/992"}],"wp:attachment":[{"href":"https:\/\/crucialnuevaepoca.com\/web\/wp-json\/wp\/v2\/media?parent=996"}],"wp:term":[{"taxonomy":"category","embeddable":true,"href":"https:\/\/crucialnuevaepoca.com\/web\/wp-json\/wp\/v2\/categories?post=996"},{"taxonomy":"post_tag","embeddable":true,"href":"https:\/\/crucialnuevaepoca.com\/web\/wp-json\/wp\/v2\/tags?post=996"}],"curies":[{"name":"wp","href":"https:\/\/api.w.org\/{rel}","templated":true}]}}