{"id":9963,"date":"2024-09-21T11:02:35","date_gmt":"2024-09-21T18:02:35","guid":{"rendered":"https:\/\/crucialnuevaepoca.com\/web\/?p=9963"},"modified":"2024-09-21T11:02:36","modified_gmt":"2024-09-21T18:02:36","slug":"impulsan-la-ruta-del-datil-en-el-valle-de-mexicali","status":"publish","type":"post","link":"https:\/\/crucialnuevaepoca.com\/web\/2024\/09\/21\/impulsan-la-ruta-del-datil-en-el-valle-de-mexicali\/","title":{"rendered":"Impulsan \u201cLa Ruta del D\u00e1til\u201d en el Valle de Mexicali"},"content":{"rendered":"\n<p>En un esfuerzo para la consolidaci\u00f3n de este fruto, la Secretar\u00eda de Agricultura y Desarrollo Rural (SADER), as\u00ed como su similar estatal, impulsan la consolidaci\u00f3n de \u201cLa Ruta del D\u00e1til\u201d en el Valle de Mexicali, como una propuesta de agroturismo en la regi\u00f3n.<\/p>\n\n\n\n<p><strong>CURSOS<\/strong><\/p>\n\n\n\n<p>Para lo anterior, el pr\u00f3ximo jueves 19 de septiembre del 2024, se realizar\u00e1 la s\u00e9ptima sesi\u00f3n del Curso de Especializaci\u00f3n en el Cultivo de la Palma Datilera, en el cu\u00e1l se desarrollar\u00e1 el Panel de Discusi\u00f3n \u201cAgroturismo: La Experiencia de la Ruta del D\u00e1til\u201d.<\/p>\n\n\n\n<p>El representante de la Delegaci\u00f3n de la SADER en Baja California, Juan Manuel Mart\u00ednez N\u00fa\u00f1ez inform\u00f3 que la capacitaci\u00f3n se realizar\u00e1 a partir de las 9:30 de la ma\u00f1ana en las instalaciones del Rancho Santa Cruz, que se ubica en el kil\u00f3metro 7.5 de la Carretera No. 7 de la Colonia Progreso, en la ciudad de Mexicali.<\/p>\n\n\n\n<p>Destac\u00f3 que dicho Panel ser\u00e1 moderado por Natividad Jaime y contar\u00e1 con la participaci\u00f3n de los productores, Carmen Santacruz, Gissel Montes Barrag\u00e1n y Jos\u00e9 Luis Hern\u00e1ndez.<\/p>\n\n\n\n<p><strong>RUTAS TUR\u00cdSTICAS<\/strong><\/p>\n\n\n\n<p>El funcionario explic\u00f3 que, en adici\u00f3n al panel, tambi\u00e9n se expondr\u00e1 el tema \u201cRutas Tur\u00edsticas Alternativas y Sustentables\u201d, el cual ser\u00e1 presentado por Nancy Paola Minor Ibarra, directora del Comit\u00e9 de Turismo y Convenciones de Mexicali (Cotuco).<\/p>\n\n\n\n<p>Posteriormente, Roc\u00edo Amador Rodr\u00edguez, representante no gubernamental del Comit\u00e9 Estatal Sistema Producto Vid de Baja California y Consultora en el Sector Vitivin\u00edcola, hablar\u00e1 sobre la \u201cRuta del Vino en el Valle de Guadalupe: un caso de \u00e9xito\u201d.<\/p>\n\n\n\n<p>Mart\u00ednez N\u00fa\u00f1ez agreg\u00f3 que el curso concluir\u00e1 con el tema: Creaci\u00f3n de la \u201cRuta del D\u00e1til\u201d, mismo que ser\u00e1 abordado por el Lic. Sergio Egozcue Ayala, Director de Productos Tur\u00edsticos de la Secretar\u00eda de Turismo de Baja California.<\/p>\n\n\n\n<p><strong>PALMA DATILERA<\/strong><\/p>\n\n\n\n<p>Aclar\u00f3 que esta es la s\u00e9ptima de las once sesiones que incluye el Curso de Especializaci\u00f3n en Cultivo de la Palma Datilera, que se estar\u00e1n realizando entre Mexicali y su valle, as\u00ed como en el Municipio de San Luis R\u00edo Colorado, Sonora, con la finalidad de fortalecer los conocimientos t\u00e9cnicos, productivos y comerciales de los agricultores del fruto de ambos valles agr\u00edcolas.<\/p>\n\n\n\n<p>El evento es organizado la SADERBC del Gobierno del Estado en colaboraci\u00f3n con la Universidad Estatal de Sonora (UES), el Comit\u00e9 Estatal Sistema Producto D\u00e1til de Baja California, y otros organismos del sector como el Instituto Nacion.<\/p>\n","protected":false},"excerpt":{"rendered":"<p>En un esfuerzo para la consolidaci\u00f3n de este fruto, la Secretar\u00eda de Agricultura y Desarrollo Rural (SADER), as\u00ed como su similar estatal, impulsan la consolidaci\u00f3n de \u201cLa Ruta del D\u00e1til\u201d en el Valle de Mexicali, como una propuesta de agroturismo en la regi\u00f3n. CURSOS Para lo anterior, el pr\u00f3ximo jueves 19 de septiembre del 2024, [&hellip;]<\/p>\n","protected":false},"author":2,"featured_media":9964,"comment_status":"open","ping_status":"open","sticky":false,"template":"","format":"standard","meta":{"footnotes":""},"categories":[28,93],"tags":[2751,149,2750,533],"class_list":["post-9963","post","type-post","status-publish","format-standard","has-post-thumbnail","hentry","category-nacional","category-principales","tag-agroturismo","tag-baja-california","tag-ruta-del-datil","tag-valle-de-mexicali"],"aioseo_notices":[],"_links":{"self":[{"href":"https:\/\/crucialnuevaepoca.com\/web\/wp-json\/wp\/v2\/posts\/9963","targetHints":{"allow":["GET"]}}],"collection":[{"href":"https:\/\/crucialnuevaepoca.com\/web\/wp-json\/wp\/v2\/posts"}],"about":[{"href":"https:\/\/crucialnuevaepoca.com\/web\/wp-json\/wp\/v2\/types\/post"}],"author":[{"embeddable":true,"href":"https:\/\/crucialnuevaepoca.com\/web\/wp-json\/wp\/v2\/users\/2"}],"replies":[{"embeddable":true,"href":"https:\/\/crucialnuevaepoca.com\/web\/wp-json\/wp\/v2\/comments?post=9963"}],"version-history":[{"count":1,"href":"https:\/\/crucialnuevaepoca.com\/web\/wp-json\/wp\/v2\/posts\/9963\/revisions"}],"predecessor-version":[{"id":9965,"href":"https:\/\/crucialnuevaepoca.com\/web\/wp-json\/wp\/v2\/posts\/9963\/revisions\/9965"}],"wp:featuredmedia":[{"embeddable":true,"href":"https:\/\/crucialnuevaepoca.com\/web\/wp-json\/wp\/v2\/media\/9964"}],"wp:attachment":[{"href":"https:\/\/crucialnuevaepoca.com\/web\/wp-json\/wp\/v2\/media?parent=9963"}],"wp:term":[{"taxonomy":"category","embeddable":true,"href":"https:\/\/crucialnuevaepoca.com\/web\/wp-json\/wp\/v2\/categories?post=9963"},{"taxonomy":"post_tag","embeddable":true,"href":"https:\/\/crucialnuevaepoca.com\/web\/wp-json\/wp\/v2\/tags?post=9963"}],"curies":[{"name":"wp","href":"https:\/\/api.w.org\/{rel}","templated":true}]}}