{"id":999,"date":"2022-01-11T09:01:19","date_gmt":"2022-01-11T16:01:19","guid":{"rendered":"http:\/\/crucialnuevaepoca.com\/web\/?p=999"},"modified":"2022-01-11T09:01:20","modified_gmt":"2022-01-11T16:01:20","slug":"amlo-dice-que-sus-sintomas-son-leves-y-se-siente-bien-tras-contagiarse-de-covid","status":"publish","type":"post","link":"https:\/\/crucialnuevaepoca.com\/web\/2022\/01\/11\/amlo-dice-que-sus-sintomas-son-leves-y-se-siente-bien-tras-contagiarse-de-covid\/","title":{"rendered":"AMLO DICE QUE SUS S\u00cdNTOMAS SON LEVES Y SE SIENTE BIEN TRAS CONTAGIARSE DE COVID"},"content":{"rendered":"\n<p>Con 36.1 grados de temperatura y 96 de oxigenaci\u00f3n, el presidente Andr\u00e9s Manuel L\u00f3pez Obrador llam\u00f3 a los mexicanos a no espantarse ante el aumento de contagios de Covid-19.<\/p>\n\n\n\n<p>A trav\u00e9s de un v\u00eddeo que se transmiti\u00f3 durante la conferencia matutina en Palacio Nacional, el mandatario se\u00f1al\u00f3 que sus s\u00edntomas han sido leves y hasta ahora se siente bien.<\/p>\n\n\n\n<p>\u00abNo nos espantemos, miren, me voy a medir la temperatura, 36.1 as\u00ed est\u00e1, no he tenido calentura, la oxigenaci\u00f3n es de 96. Qu\u00e9 es lo que tengo; ardor en la garganta, es como una gripa con ronquera, un poquito de dolor de cuerpo al principio, estoy tomando paracetamol y me siento bastante bien\u00bb.<\/p>\n\n\n\n<p>Al compartir su experiencia luego de dar positivo a coronavirus por segunda ocasi\u00f3n, el Presidente enfatiz\u00f3 que \u00f3micron no tiene el nivel de gravedad que present\u00f3 delta por lo que reiter\u00f3 el llamado a no caer en p\u00e1nico.<\/p>\n\n\n\n<p>\u00abEstoy ronco, af\u00f3nico pero pues es para informar sobre c\u00f3mo me encuentro, pero tambi\u00e9n para transmitirles mi experiencia ahora que me he vuelto a contagiar con el prop\u00f3sito fundamental de que no nos espantemos. Afortunadamente esta es una variante que no tiene el nivel del grado de peligro que la variante Delta\u00bb.<\/p>\n\n\n\n<p>Agreg\u00f3 que de acuerdo con esta sintomatolog\u00eda que provoca \u00f3micron, no se prev\u00e9 que aumenten las hospitalizaciones al igual que las muertes asociadas a coronavirus.<\/p>\n\n\n\n<p>\u00abCreo que afortunadamente no vamos a necesitar hospitalizarnos, ni vamos a sufrir con p\u00e9rdidas de vidas humanas, esto es distinto yo dir\u00eda que este virus va de salida, no va a los pulmones y muy pronto las cosas van a normalizarse\u00bb, resalt\u00f3.<\/p>\n\n\n\n<p>Finalmente, el jefe del ejecutivo federal afirm\u00f3 que continuar\u00e1 trabajando y pidi\u00f3 a la poblaci\u00f3n a no alarmarse.<\/p>\n\n\n\n<p>\u00abHay que seguir con nuestras actividades, cuid\u00e1ndonos, pero no alarmarnos. Yo voy a seguir trabajando, si hay personas me pondr\u00e9 cubrebocas, sino, como lo estoy haciendo ahora, pero voy a seguir en mis labores y lo m\u00e1s importante es no vencerse aqu\u00ed, hay que echarse para delante, y tenemos como protecci\u00f3n al creador, a la ciencia y las ganas de vivir para llevar a cabo la transformaci\u00f3n de M\u00e9xico\u00bb.<\/p>\n","protected":false},"excerpt":{"rendered":"<p>Con 36.1 grados de temperatura y 96 de oxigenaci\u00f3n, el presidente Andr\u00e9s Manuel L\u00f3pez Obrador llam\u00f3 a los mexicanos a no espantarse ante el aumento de contagios de Covid-19. A trav\u00e9s de un v\u00eddeo que se transmiti\u00f3 durante la conferencia matutina en Palacio Nacional, el mandatario se\u00f1al\u00f3 que sus s\u00edntomas han sido leves y hasta [&hellip;]<\/p>\n","protected":false},"author":2,"featured_media":991,"comment_status":"open","ping_status":"open","sticky":false,"template":"","format":"standard","meta":{"footnotes":""},"categories":[28,93],"tags":[314,315,316,130],"class_list":["post-999","post","type-post","status-publish","format-standard","has-post-thumbnail","hentry","category-nacional","category-principales","tag-amlo","tag-andres-manuel-lopez-obrador","tag-contagio","tag-covid-19"],"aioseo_notices":[],"_links":{"self":[{"href":"https:\/\/crucialnuevaepoca.com\/web\/wp-json\/wp\/v2\/posts\/999","targetHints":{"allow":["GET"]}}],"collection":[{"href":"https:\/\/crucialnuevaepoca.com\/web\/wp-json\/wp\/v2\/posts"}],"about":[{"href":"https:\/\/crucialnuevaepoca.com\/web\/wp-json\/wp\/v2\/types\/post"}],"author":[{"embeddable":true,"href":"https:\/\/crucialnuevaepoca.com\/web\/wp-json\/wp\/v2\/users\/2"}],"replies":[{"embeddable":true,"href":"https:\/\/crucialnuevaepoca.com\/web\/wp-json\/wp\/v2\/comments?post=999"}],"version-history":[{"count":1,"href":"https:\/\/crucialnuevaepoca.com\/web\/wp-json\/wp\/v2\/posts\/999\/revisions"}],"predecessor-version":[{"id":1000,"href":"https:\/\/crucialnuevaepoca.com\/web\/wp-json\/wp\/v2\/posts\/999\/revisions\/1000"}],"wp:featuredmedia":[{"embeddable":true,"href":"https:\/\/crucialnuevaepoca.com\/web\/wp-json\/wp\/v2\/media\/991"}],"wp:attachment":[{"href":"https:\/\/crucialnuevaepoca.com\/web\/wp-json\/wp\/v2\/media?parent=999"}],"wp:term":[{"taxonomy":"category","embeddable":true,"href":"https:\/\/crucialnuevaepoca.com\/web\/wp-json\/wp\/v2\/categories?post=999"},{"taxonomy":"post_tag","embeddable":true,"href":"https:\/\/crucialnuevaepoca.com\/web\/wp-json\/wp\/v2\/tags?post=999"}],"curies":[{"name":"wp","href":"https:\/\/api.w.org\/{rel}","templated":true}]}}